{"id":1556,"date":"2022-03-30T12:39:13","date_gmt":"2022-03-30T09:39:13","guid":{"rendered":"https:\/\/kokvekok.com\/?p=1556"},"modified":"2022-03-30T12:43:10","modified_gmt":"2022-03-30T09:43:10","slug":"alacaklisini-zarara-ugratmak-kastiyla-mevcut-eksiltme-sucu-hakkinda-bilgi-notu","status":"publish","type":"post","link":"https:\/\/kokvekok.com\/en\/alacaklisini-zarara-ugratmak-kastiyla-mevcut-eksiltme-sucu-hakkinda-bilgi-notu\/","title":{"rendered":"Alacakl\u0131s\u0131n\u0131 Zarara U\u011fratmak Kast\u0131yla Mevcut Eksiltme Su\u00e7u Hakk\u0131nda Bilgi Notu"},"content":{"rendered":"\t\t<div data-elementor-type=\"wp-post\" data-elementor-id=\"1556\" class=\"elementor elementor-1556\">\n\t\t\t\t\t\t<section class=\"elementor-section elementor-top-section elementor-element elementor-element-aae9cdf elementor-section-boxed elementor-section-height-default elementor-section-height-default\" data-id=\"aae9cdf\" data-element_type=\"section\" data-e-type=\"section\">\n\t\t\t\t\t\t<div class=\"elementor-container elementor-column-gap-default\">\n\t\t\t\t\t<div class=\"elementor-column elementor-col-100 elementor-top-column elementor-element elementor-element-8f2cb76\" data-id=\"8f2cb76\" data-element_type=\"column\" data-e-type=\"column\">\n\t\t\t<div class=\"elementor-widget-wrap elementor-element-populated\">\n\t\t\t\t\t\t<div class=\"elementor-element elementor-element-95b98d6 elementor-widget elementor-widget-text-editor\" data-id=\"95b98d6\" data-element_type=\"widget\" data-e-type=\"widget\" data-widget_type=\"text-editor.default\">\n\t\t\t\t<div class=\"elementor-widget-container\">\n\t\t\t\t\t\t\t\t\t<p style=\"text-align: justify;\"><b><span style=\"font-size: 11.0pt; font-family: 'Arial',sans-serif;\">Giri\u015f<\/span><\/b><\/p><p style=\"text-align: justify;\"><span style=\"font-size: 11.0pt; font-family: 'Arial',sans-serif;\">Bilindi\u011fi \u00fczere modern hukuk sistemlerinde ki\u015finin para borcunu yerine getirmemesi sebebiyle hakk\u0131nda hapis cezas\u0131na h\u00fckmedilmesi s\u00f6z konusu de\u011fil ise de bor\u00e7lunun alacakl\u0131s\u0131n\u0131 zarara u\u011fratmak kast\u0131yla mevcudunu eksiltmesi su\u00e7 say\u0131larak \u0130cra \u0130flas Kanunu\u2019nun 331. maddesinde; <i>\u201cAlacakl\u0131y\u0131 Zarara U\u011fratma Maksad\u0131yla Mevcudunu Eksilten Bor\u00e7lular\u0131n Cezas\u0131\u201d <\/i>ba\u015fl\u0131\u011f\u0131 ile h\u00fck\u00fcm alt\u0131na al\u0131nm\u0131\u015ft\u0131r. Bu su\u00e7 ile alacakl\u0131n\u0131n alacak hakk\u0131n\u0131n korunmas\u0131 ama\u00e7lanmakta olup; i\u015fbu yaz\u0131m\u0131zda da s\u00f6z konusu su\u00e7, ilgili kanun maddesi ba\u011flam\u0131nda detayl\u0131 \u015fekilde ele al\u0131nacakt\u0131r.<\/span><\/p><p style=\"text-align: justify; text-indent: -18.0pt; mso-list: l1 level1 lfo1;\"><!-- [if !supportLists]--><b><span style=\"font-size: 11.0pt; font-family: 'Arial',sans-serif; mso-fareast-font-family: Arial;\">1.<span style=\"font-style: normal; font-variant-numeric: normal; font-variant-east-asian: normal; font-weight: normal; font-stretch: normal; font-size: 7pt; line-height: normal; font-family: 'Times New Roman';\">\u00a0\u00a0\u00a0\u00a0 <\/span><\/span><\/b><!--[endif]--><b><span style=\"font-size: 11.0pt; font-family: 'Arial',sans-serif;\">Su\u00e7un Unsurlar\u0131<\/span><\/b><\/p><p style=\"text-align: justify;\"><span style=\"font-size: 11.0pt; font-family: 'Arial',sans-serif;\">\u0130cra \u0130flas Kanunu\u2019nun 331.maddesi; <b><i>\u201c<\/i><\/b><\/span><i><span style=\"font-size: 11.0pt; font-family: 'Arial',sans-serif; mso-fareast-font-family: 'Times New Roman'; mso-fareast-language: TR;\">Haciz yolu ile takip talebinden sonra veya bu talepten \u00f6nceki iki y\u0131l i\u00e7inde bor\u00e7lu; alacakl\u0131s\u0131n\u0131 zarara sokmak maksad\u0131yla, mallar\u0131n\u0131 veya bunlardan bir k\u0131sm\u0131n\u0131 m\u00fclk\u00fcnden \u00e7\u0131kararak, telef ederek veya k\u0131ymetten d\u00fc\u015f\u00fcrerek hakiki surette yahut gizleyerek muvazaa yoluyla ba\u015fkas\u0131n\u0131n uhdesine ge\u00e7irerek veya as\u0131l olmayan bor\u00e7lar ikrar ederek mevcudunu suni surette eksiltirse, aleyhine aciz belgesi ald\u0131\u011f\u0131n\u0131 veya alacakl\u0131 alaca\u011f\u0131n\u0131 alamad\u0131\u011f\u0131n\u0131 ispat etti\u011fi takdirde, alt\u0131 aydan \u00fc\u00e7 y\u0131la kadar hapis ve bin g\u00fcne kadar adl\u00ee para cezas\u0131 ile cezaland\u0131r\u0131l\u0131r\u201d <\/span><\/i><span style=\"font-size: 11.0pt; font-family: 'Arial',sans-serif; mso-fareast-font-family: 'Times New Roman'; mso-fareast-language: TR;\">h\u00fckm\u00fcn\u00fc havidir. S\u00f6z konusu h\u00fck\u00fcmden g\u00f6r\u00fcld\u00fc\u011f\u00fc \u00fczere se\u00e7imlik hareketli bu su\u00e7un i\u015flenmesi i\u00e7in Bor\u00e7lunun kanun maddesinde say\u0131lan eylemlerden en az birini ger\u00e7ekle\u015ftirmesi yeterli olup, s\u00f6z konusu eylemler \u015fu \u015fekilde s\u0131ralanabilir;<\/span><\/p><p style=\"text-align: justify; text-indent: -18.0pt; mso-list: l0 level1 lfo2;\"><!-- [if !supportLists]--><span style=\"font-size: 11.0pt; font-family: Symbol; mso-fareast-font-family: Symbol; mso-bidi-font-family: Symbol; mso-fareast-language: TR;\">\u00b7<span style=\"font-style: normal; font-variant-numeric: normal; font-variant-east-asian: normal; font-weight: normal; font-stretch: normal; font-size: 7pt; line-height: normal; font-family: 'Times New Roman';\">\u00a0\u00a0\u00a0\u00a0\u00a0\u00a0\u00a0 <\/span><\/span><!--[endif]--><span style=\"font-size: 11.0pt; font-family: 'Arial',sans-serif; mso-fareast-font-family: 'Times New Roman'; mso-fareast-language: TR;\">Mallar\u0131n\u0131 veya bunlardan bir k\u0131sm\u0131n\u0131 m\u00fclk\u00fcnden \u00e7\u0131karmas\u0131<\/span><\/p><p style=\"text-align: justify; text-indent: -18.0pt; mso-list: l0 level1 lfo2;\"><!-- [if !supportLists]--><span style=\"font-size: 11.0pt; font-family: Symbol; mso-fareast-font-family: Symbol; mso-bidi-font-family: Symbol; mso-fareast-language: TR;\">\u00b7<span style=\"font-style: normal; font-variant-numeric: normal; font-variant-east-asian: normal; font-weight: normal; font-stretch: normal; font-size: 7pt; line-height: normal; font-family: 'Times New Roman';\">\u00a0\u00a0\u00a0\u00a0\u00a0\u00a0\u00a0 <\/span><\/span><!--[endif]--><span style=\"font-size: 11.0pt; font-family: 'Arial',sans-serif; mso-fareast-font-family: 'Times New Roman'; mso-fareast-language: TR;\">Mallar\u0131n\u0131 telef etmesi veya k\u0131ymetten d\u00fc\u015f\u00fcrmesi<\/span><\/p><p style=\"text-align: justify; text-indent: -18.0pt; mso-list: l0 level1 lfo2;\"><!-- [if !supportLists]--><span style=\"font-size: 11.0pt; font-family: Symbol; mso-fareast-font-family: Symbol; mso-bidi-font-family: Symbol; mso-fareast-language: TR;\">\u00b7<span style=\"font-style: normal; font-variant-numeric: normal; font-variant-east-asian: normal; font-weight: normal; font-stretch: normal; font-size: 7pt; line-height: normal; font-family: 'Times New Roman';\">\u00a0\u00a0\u00a0\u00a0\u00a0\u00a0\u00a0 <\/span><\/span><!--[endif]--><span style=\"font-size: 11.0pt; font-family: 'Arial',sans-serif; mso-fareast-font-family: 'Times New Roman'; mso-fareast-language: TR;\">Mallar\u0131n\u0131 muvazaal\u0131 \u015fekilde ba\u015fkas\u0131n\u0131n uhdesine ge\u00e7irmesi<\/span><\/p><p style=\"text-align: justify; text-indent: -18.0pt; mso-list: l0 level1 lfo2;\"><!-- [if !supportLists]--><span style=\"font-size: 11.0pt; font-family: Symbol; mso-fareast-font-family: Symbol; mso-bidi-font-family: Symbol; mso-fareast-language: TR;\">\u00b7<span style=\"font-style: normal; font-variant-numeric: normal; font-variant-east-asian: normal; font-weight: normal; font-stretch: normal; font-size: 7pt; line-height: normal; font-family: 'Times New Roman';\">\u00a0\u00a0\u00a0\u00a0\u00a0\u00a0\u00a0 <\/span><\/span><!--[endif]--><span style=\"font-size: 11.0pt; font-family: 'Arial',sans-serif; mso-fareast-font-family: 'Times New Roman'; mso-fareast-language: TR;\">Ger\u00e7ek olmayan bor\u00e7lar\u0131 ger\u00e7ek gibi g\u00f6stererek malvarl\u0131\u011f\u0131n\u0131 eksiltmesi<\/span><\/p><p style=\"text-align: justify;\"><span style=\"font-size: 11.0pt; font-family: 'Arial',sans-serif; mso-fareast-font-family: 'Times New Roman'; mso-fareast-language: TR;\">Buna ek olarak iflas takibinden veya do\u011frudan do\u011fruya iflas hallerinde iflas talebinden \u00f6nce yukar\u0131daki fiilleri i\u015fleyen bor\u00e7lu hakk\u0131nda da bu fiiller ba\u015fka bir su\u00e7 olu\u015ftursa dahi \u0130\u0130K m.331 h\u00fckm\u00fc uygulanacak olup, konkordato m\u00fchleti veya iflas\u0131n ertelenmesi talebinden \u00f6nceki iki y\u0131l i\u00e7inde ya da konkordato m\u00fchleti talebi veya iflas\u0131n ertelenmesi s\u00fcresinden sonra yukar\u0131daki fiilleri i\u015fleyen bor\u00e7lu hakk\u0131nda da bu h\u00fck\u00fcmler uygulanacakt\u0131r.<\/span><\/p><p style=\"text-align: justify;\"><span style=\"font-size: 11.0pt; font-family: 'Arial',sans-serif; mso-fareast-font-family: 'Times New Roman'; mso-fareast-language: TR;\">Bu kapsamda h\u00fck\u00fcm alt\u0131na al\u0131nd\u0131\u011f\u0131 \u00fczere ta\u015f\u0131nmaz rehni kapsam\u0131nda bulunan eklentinin rehin alacakl\u0131s\u0131na zarar vermek kast\u0131 ile ta\u015f\u0131nmaz d\u0131\u015f\u0131na \u00e7\u0131kar\u0131lmas\u0131 hali de su\u00e7 olarak kabul edilmi\u015f ve eklentinin zilyedi i\u00e7in iki y\u0131ldan d\u00f6rt y\u0131la kadar hapis ve bin g\u00fcne kadar adl\u00ee para cezas\u0131 \u00f6ng\u00f6r\u00fclm\u00fc\u015ft\u00fcr.<\/span><\/p><p style=\"text-align: justify;\"><span style=\"font-size: 11.0pt; font-family: 'Arial',sans-serif; mso-fareast-font-family: 'Times New Roman'; mso-fareast-language: TR;\">\u0130\u015fbu su\u00e7 manevi unsuru bak\u0131m\u0131ndan incelendi\u011finde ise su\u00e7un i\u015flenmi\u015f olmas\u0131 i\u00e7in genel kast\u0131n yeterli olmayaca\u011f\u0131, fail bor\u00e7lunun, ma\u011fdur alacakl\u0131y\u0131 zarara u\u011fratmak kast\u0131yla hareket etmesi gerekece\u011fi kanun lafz\u0131ndan a\u00e7\u0131k\u00e7a anla\u015f\u0131lmaktad\u0131r. Hal b\u00f6yle iken s\u00f6z konusu su\u00e7un \u00f6zel kastla i\u015flenebilen bir su\u00e7 oldu\u011funun ifade edilmesi gerekmektedir.<\/span><\/p><p style=\"text-align: justify;\"><span style=\"font-size: 11.0pt; font-family: 'Arial',sans-serif; mso-fareast-font-family: 'Times New Roman'; mso-fareast-language: TR;\">Madde metninden de g\u00f6r\u00fcld\u00fc\u011f\u00fc \u00fczere alacakl\u0131n\u0131n alaca\u011f\u0131n\u0131 tahsil edemedi\u011fini ispat etmesi yeterli olup, bor\u00e7lu aleyhine aciz belgesi almas\u0131 gerekli de\u011fildir.<\/span><\/p><p style=\"text-align: justify;\"><span style=\"font-size: 11.0pt; font-family: 'Arial',sans-serif; mso-fareast-font-family: 'Times New Roman'; mso-fareast-language: TR;\">Bu husus Yarg\u0131tay 19. Ceza Dairesi\u2019nin 2015\/3836 E. 2016\/16099 K. 21.04.2016 Tarihli Karar\u0131 ile de do\u011frulanm\u0131\u015ft\u0131r;<\/span><\/p><p style=\"margin-left: 35.4pt; text-align: justify;\"><i><span style=\"font-size: 11.0pt; font-family: 'Arial',sans-serif; mso-fareast-font-family: 'Times New Roman'; mso-fareast-language: TR;\">\u201c\u2026Alacakl\u0131s\u0131n\u0131 zarara u\u011fratmak kast\u0131yla mevcudu eksiltmek su\u00e7lar\u0131nda su\u00e7un olu\u015fumu\u00a0i\u00e7in\u00a0aciz belgesi\u00a0al\u0131nmas\u0131 zorunlu olmay\u0131p,\u00a0alacakl\u0131n\u0131n\u00a0alaca\u011f\u0131n\u0131 tahsil edemedi\u011fini ispatlamas\u0131n\u0131n yeterli olaca\u011f\u0131, 2.3.2009 tarihinde haciz i\u00e7in bor\u00e7lu san\u0131\u011f\u0131n gidilen evinde hacze kabil mal\u0131 olmad\u0131\u011f\u0131n\u0131n tespit edilmekle alaca\u011f\u0131n tahsil edilemedi\u011finin ispatland\u0131\u011f\u0131 g\u00f6zetilerek, bor\u00e7lu san\u0131k hakk\u0131nda ba\u015flat\u0131lan icra takibinde 12.8.2008 tarihinde san\u0131\u011fa usul\u00fcne uygun olarak tebli\u011f edilen \u00f6deme emrine itiraz edilmemesi \u00fczerine takibin kesinle\u015fmesinden sonra, san\u0131\u011f\u0131n 15.10.2008 tarihinde \u00f6len babas\u0131ndan kalan ta\u015f\u0131nmazlar \u00fczerindeki hisselerini karde\u015fi olan di\u011fer san\u0131\u011fa satt\u0131\u011f\u0131, fakat s\u00f6z konusu tasarrufun iptaline karar verilmekle h\u00fckm\u00fcn temyiz edilmemesi \u00fczerine kesinle\u015fti\u011fi dikkate al\u0131narak,\u00a0su\u00e7\u00a0kast\u0131n\u0131n\u00a0tespiti i\u00e7in san\u0131\u011f\u0131n karde\u015fi olan di\u011fer san\u0131ktan ne kadar bor\u00e7 para ald\u0131\u011f\u0131, san\u0131\u011f\u0131n s\u00f6z konusu ta\u015f\u0131nmazlar \u00fczerindeki hisselerinin toplam de\u011ferinin ne kadar oldu\u011fu ve devretti\u011fi hisselerinin de\u011ferinin borcunu kar\u015f\u0131lay\u0131p kar\u015f\u0131lamad\u0131\u011f\u0131 hususlar\u0131 ara\u015ft\u0131r\u0131larak sonucuna g\u00f6re karar verilmesi gerekirken, eksik kovu\u015fturma ile yaz\u0131l\u0131 \u015fekilde beraat karar\u0131 verilmesi..\u201d<\/span><\/i><\/p><p style=\"text-align: justify;\"><span style=\"font-size: 11.0pt; font-family: 'Arial',sans-serif; mso-fareast-font-family: 'Times New Roman'; mso-fareast-language: TR;\">Son olarak bor\u00e7lunun madde metninde d\u00fczenlenmi\u015f fiillerden cezaland\u0131r\u0131labilmesi i\u00e7in alacakl\u0131n\u0131n zarara u\u011fram\u0131\u015f olmas\u0131 gerekecek ve zarara u\u011frayan alacakl\u0131n\u0131n \u015fikayeti ile i\u015fbu su\u00e7 soru\u015fturulabilir ve kovu\u015fturulabilir hale gelecektir. Ancak buradaki zarar kavram\u0131n\u0131n geni\u015f yorumlanmas\u0131 alacak hakk\u0131n\u0131n korunmas\u0131na daha iyi hizmet edecek olup, bu su\u00e7un netice su\u00e7u yerine tehlike su\u00e7u olarak nitelendirilmesi yerinde olacakt\u0131r.<\/span><\/p><p style=\"text-align: justify; text-indent: -18.0pt; mso-list: l1 level1 lfo1;\"><!-- [if !supportLists]--><b><span style=\"font-size: 11.0pt; font-family: 'Arial',sans-serif; mso-fareast-font-family: Arial;\">2.<span style=\"font-style: normal; font-variant-numeric: normal; font-variant-east-asian: normal; font-weight: normal; font-stretch: normal; font-size: 7pt; line-height: normal; font-family: 'Times New Roman';\">\u00a0\u00a0\u00a0\u00a0 <\/span><\/span><\/b><!--[endif]--><b><span style=\"font-size: 11.0pt; font-family: 'Arial',sans-serif;\">Su\u00e7ta Zaman S\u0131n\u0131rlamas\u0131<\/span><\/b><\/p><p style=\"text-align: justify;\"><span style=\"font-size: 11.0pt; font-family: 'Arial',sans-serif;\">Yukar\u0131da anlat\u0131lanlara ek olarak alacakl\u0131s\u0131 zarara u\u011fratmak kast\u0131yla mevcudunu eksilten bor\u00e7lunun bu su\u00e7un faili olabilmesi i\u00e7in kanunda birtak\u0131m zaman s\u0131n\u0131rlamalar\u0131 \u00f6ng\u00f6r\u00fclm\u00fc\u015f olmakla birlikte, bu s\u0131n\u0131rlamalar \u015fu \u015fekilde s\u0131ralanabilir;<\/span><\/p><p style=\"text-indent: -18.0pt; mso-list: l2 level1 lfo3;\"><!-- [if !supportLists]--><span style=\"font-size: 11.0pt; font-family: Symbol; mso-fareast-font-family: Symbol; mso-bidi-font-family: Symbol;\">\u00b7<span style=\"font-style: normal; font-variant-numeric: normal; font-variant-east-asian: normal; font-weight: normal; font-stretch: normal; font-size: 7pt; line-height: normal; font-family: 'Times New Roman';\">\u00a0\u00a0\u00a0\u00a0\u00a0\u00a0\u00a0 <\/span><\/span><!--[endif]--><span style=\"font-size: 11.0pt; font-family: 'Arial',sans-serif;\">\u0130\u0130K 331\/1\u2019de d\u00fczenlenen se\u00e7imlik harekelerin haciz yolu ile takip talebinden sonra veya bu talepten \u00f6nceki iki y\u0131l i\u00e7inde ger\u00e7ekle\u015fmi\u015f olmas\u0131 aranmaktad\u0131r.<\/span><\/p><p style=\"text-indent: -18.0pt; mso-list: l2 level1 lfo3;\"><!-- [if !supportLists]--><span style=\"font-size: 11.0pt; font-family: Symbol; mso-fareast-font-family: Symbol; mso-bidi-font-family: Symbol;\">\u00b7<span style=\"font-style: normal; font-variant-numeric: normal; font-variant-east-asian: normal; font-weight: normal; font-stretch: normal; font-size: 7pt; line-height: normal; font-family: 'Times New Roman';\">\u00a0\u00a0\u00a0\u00a0\u00a0\u00a0\u00a0 <\/span><\/span><!--[endif]--><span style=\"font-size: 11.0pt; font-family: 'Arial',sans-serif;\">\u0130\u0130K 331\/2\u2019de ise iflas takibinden veya do\u011frudan do\u011fruya iflas hallerinde iflas talebinden \u00f6nce ger\u00e7ekle\u015fmi\u015f olmas\u0131 aranmaktad\u0131r.<\/span><\/p><p style=\"text-indent: -18.0pt; mso-list: l2 level1 lfo3;\"><!-- [if !supportLists]--><span style=\"font-size: 11.0pt; font-family: Symbol; mso-fareast-font-family: Symbol; mso-bidi-font-family: Symbol; mso-fareast-language: TR;\">\u00b7<span style=\"font-style: normal; font-variant-numeric: normal; font-variant-east-asian: normal; font-weight: normal; font-stretch: normal; font-size: 7pt; line-height: normal; font-family: 'Times New Roman';\">\u00a0\u00a0\u00a0\u00a0\u00a0\u00a0\u00a0 <\/span><\/span><!--[endif]--><span style=\"font-size: 11.0pt; font-family: 'Arial',sans-serif;\">\u0130\u0130K 331\/3\u2019te d\u00fczenlenen hareketlerin ise <\/span><span style=\"font-size: 11.0pt; font-family: 'Arial',sans-serif; mso-fareast-font-family: 'Times New Roman'; mso-fareast-language: TR;\">konkordato m\u00fchleti veya iflas\u0131n ertelenmesi talebinden \u00f6nceki iki y\u0131l i\u00e7inde ya da konkordato m\u00fchleti talebi veya iflas\u0131n ertelenmesi s\u00fcresinden sonra ger\u00e7ekle\u015fmi\u015f olmas\u0131 aranmaktad\u0131r.<\/span><\/p><p style=\"text-align: justify; text-indent: -18.0pt; mso-list: l1 level1 lfo1;\"><!-- [if !supportLists]--><b><span style=\"font-size: 11.0pt; font-family: 'Arial',sans-serif; mso-fareast-font-family: Arial;\">3.<span style=\"font-style: normal; font-variant-numeric: normal; font-variant-east-asian: normal; font-weight: normal; font-stretch: normal; font-size: 7pt; line-height: normal; font-family: 'Times New Roman';\">\u00a0\u00a0\u00a0\u00a0 <\/span><\/span><\/b><!--[endif]--><b><span style=\"font-size: 11.0pt; font-family: 'Arial',sans-serif;\">Su\u00e7un \u015eikayet S\u00fcresi ve Cezas\u0131<\/span><\/b><\/p><p style=\"text-align: justify;\"><span style=\"font-size: 11.0pt; font-family: 'Arial',sans-serif; mso-fareast-font-family: 'Times New Roman'; mso-fareast-language: TR;\">\u0130cra \u0130flas Kanunu\u2019nun 331.maddesinin 5.f\u0131kras\u0131; <i>\u201cBor\u00e7lu hakk\u0131nda bu maddeye g\u00f6re takibat yap\u0131labilmesi alacakl\u0131n\u0131n \u015fikayetine ba\u011fl\u0131d\u0131r.\u201d<\/i> H\u00fckm\u00fcn\u00fc havidir. H\u00fck\u00fcmden g\u00f6r\u00fcld\u00fc\u011f\u00fc \u00fczere su\u00e7, resen soru\u015fturulabilir ve kovu\u015fturulabilir bir su\u00e7 olmay\u0131p bu hususta alacakl\u0131n\u0131n \u015fikayette bulunmas\u0131 gerekecektir. \u015eikayet s\u00fcresi ise ayn\u0131 kanunun 347.maddesinde; \u201d<i>Bu Bapta yer alan fiillerden dolay\u0131 \u015fik\u00e2yet hakk\u0131, fiilin \u00f6\u011frenildi\u011fi tarihten itibaren \u00fc\u00e7 ay ve her halde fiilin i\u015flendi\u011fi tarihten itibaren bir y\u0131l ge\u00e7mekle d\u00fc\u015fer.\u201d <\/i>\u015feklinde d\u00fczenlenmi\u015f olup, ma\u011fdurun bu s\u00fcreler i\u00e7erisinde \u015fikayette bulunmas\u0131 gerekmektedir.<\/span><\/p><p style=\"text-align: justify;\"><span style=\"font-size: 11.0pt; font-family: 'Arial',sans-serif; mso-fareast-font-family: 'Times New Roman'; mso-fareast-language: TR;\">S\u00f6z konusu su\u00e7un cezas\u0131 ise; ayn\u0131 Kanun 331\/1\u2019de <i>\u201c\u2026, alt\u0131 aydan \u00fc\u00e7 y\u0131la kadar hapis ve bin g\u00fcne kadar adl\u00ee para cezas\u0131 ile cezaland\u0131r\u0131l\u0131r.\u201d <\/i>ve 331\/5\u2019te <i>\u201cTa\u015f\u0131nmaz rehni kapsam\u0131nda bulunan eklentinin rehin alacakl\u0131s\u0131na zarar vermek kast\u0131 ile ta\u015f\u0131nmaz d\u0131\u015f\u0131na \u00e7\u0131kar\u0131lmas\u0131 halinde, eklentinin zilyedi iki y\u0131ldan d\u00f6rt y\u0131la kadar hapis ve bin g\u00fcne kadar adl\u00ee para cezas\u0131 ile cezaland\u0131r\u0131l\u0131r.\u201d <\/i>denilmek suretiyle d\u00fczenlenmi\u015ftir.<\/span><\/p><p style=\"text-align: justify;\"><span style=\"font-size: 11.0pt; font-family: 'Arial',sans-serif; mso-fareast-font-family: 'Times New Roman'; mso-fareast-language: TR;\">Buna ek olarak Kanunun 354.maddesi; <i>\u201cKanunun bu bab\u0131nda yaz\u0131l\u0131 su\u00e7lardan takibi \u015fikayete ba\u011fl\u0131 olanlar\u0131n m\u00fc\u015ftekisi feragat eder veya borcun itfa edildi\u011fi sabit olursa dava ve b\u00fct\u00fcn neticeleriyle beraber ceza d\u00fc\u015fer.\u201d <\/i>h\u00fckm\u00fcn\u00fc havi olup, h\u00fck\u00fcmden g\u00f6r\u00fcld\u00fc\u011f\u00fc \u00fczere \u015fikayet hakk\u0131 olan ki\u015fi \u015fikayetinden vazge\u00e7erse ya da borcun \u00f6dendi\u011fi sabit olursa davan\u0131n di\u011fer b\u00fct\u00fcn neticeleri ile d\u00fc\u015fmesine karar verilecektir. E\u011fer infaz a\u015famas\u0131ndaysa infaz derhal durdurulacakt\u0131r.<\/span><\/p><p style=\"text-align: justify; text-indent: -18.0pt; mso-list: l1 level1 lfo1;\"><!-- [if !supportLists]--><b><span style=\"font-size: 11.0pt; font-family: 'Arial',sans-serif; mso-fareast-font-family: Arial;\">4.<span style=\"font-style: normal; font-variant-numeric: normal; font-variant-east-asian: normal; font-weight: normal; font-stretch: normal; font-size: 7pt; line-height: normal; font-family: 'Times New Roman';\">\u00a0\u00a0\u00a0\u00a0 <\/span><\/span><\/b><!--[endif]--><b><span style=\"font-size: 11.0pt; font-family: 'Arial',sans-serif;\">G\u00f6revli ve Yetkili Mahkeme<\/span><\/b><\/p><p style=\"text-align: justify;\"><span style=\"font-size: 11.0pt; font-family: 'Arial',sans-serif; mso-fareast-font-family: 'Times New Roman'; mso-fareast-language: TR;\">\u0130cra \u0130flas Kanunu\u2019nun 346\/3; \u201c<i>Bu Bapta yer alan su\u00e7larla ilgili davalara, icra mahkemesinde bak\u0131l\u0131r.\u201d <\/i>h\u00fckm\u00fcn\u00fc i\u00e7ermekle, alacakl\u0131s\u0131n\u0131 zarara u\u011fratmak kast\u0131yla mevcudunu eksilten bor\u00e7lu hakk\u0131nda Ma\u011fdur alacakl\u0131n\u0131n \u015fikayeti \u00fczerine yarg\u0131lama faaliyeti \u0130cra Mahkemeleri taraf\u0131ndan y\u00fcr\u00fct\u00fclecektir. Ayn\u0131 Kanunun 348.maddesi uyar\u0131nca yer bak\u0131m\u0131ndan yetkili mahkeme icra takibinin yap\u0131ld\u0131\u011f\u0131 yer \u0130cra Mahkemeleri olacakt\u0131r.<\/span><\/p><p style=\"text-align: justify;\"><b><span style=\"font-size: 11.0pt; font-family: 'Arial',sans-serif; mso-fareast-font-family: 'Times New Roman'; mso-fareast-language: TR;\">Sonu\u00e7<\/span><\/b><\/p><p>\u00a0<\/p><p style=\"text-align: justify;\"><span style=\"font-size: 11.0pt; font-family: 'Arial',sans-serif; mso-fareast-font-family: 'Times New Roman'; mso-fareast-language: TR;\">Hem sosyal hem ticari hayatta alacakl\u0131lar\u0131n zaman\u0131nda ve tam olarak alacaklar\u0131na kavu\u015fmas\u0131 \u00f6nem arz etmektedir. Ancak kimi zaman, icra veya iflas takibi s\u00f6z konusu oldu\u011funda bor\u00e7lular taraf\u0131ndan alacakl\u0131lar\u0131n alaca\u011f\u0131na kavu\u015famamas\u0131 i\u00e7in sair yollara ba\u015fvurulmaktad\u0131r. Bu yollardan bir tanesi de kasten mevcut eksiltmedir ki, Kanun Koyucu, alacakl\u0131lar\u0131n haklar\u0131n\u0131 korumak ve antisosyal olan bu davran\u0131\u015f\u0131 engellemek i\u00e7in \u0130cra ve \u0130flas Kanunu\u2019nda d\u00fczenlenen ve bu yaz\u0131da ele al\u0131nan alacakl\u0131s\u0131n\u0131 zarara u\u011fratmak kast\u0131yla mevcut eksiltme su\u00e7unu \u00f6ng\u00f6rm\u00fc\u015ft\u00fcr. Alacakl\u0131lar\u0131n alaca\u011f\u0131na kavu\u015fmas\u0131nda \u00f6nemli bir ara\u00e7 olarak nitelendirilebilecek bu su\u00e7un takibinde uzman avukatlardan destek al\u0131nmas\u0131 hak kayb\u0131 ya\u015fanmamas\u0131 ad\u0131na \u00f6nem arz etmektedir.\u00a0<\/span><\/p>\t\t\t\t\t\t\t\t<\/div>\n\t\t\t\t<\/div>\n\t\t\t\t\t<\/div>\n\t\t<\/div>\n\t\t\t\t\t<\/div>\n\t\t<\/section>\n\t\t\t\t<\/div>\n\t\t","protected":false},"excerpt":{"rendered":"<p>Giri\u015f Bilindi\u011fi \u00fczere modern hukuk sistemlerinde ki\u015finin para borcunu yerine getirmemesi sebebiyle hakk\u0131nda hapis cezas\u0131na h\u00fckmedilmesi s\u00f6z konusu de\u011fil ise de bor\u00e7lunun alacakl\u0131s\u0131n\u0131 zarara u\u011fratmak kast\u0131yla mevcudunu eksiltmesi su\u00e7 say\u0131larak \u0130cra \u0130flas Kanunu\u2019nun 331. maddesinde; \u201cAlacakl\u0131y\u0131 Zarara U\u011fratma Maksad\u0131yla Mevcudunu Eksilten Bor\u00e7lular\u0131n Cezas\u0131\u201d ba\u015fl\u0131\u011f\u0131 ile h\u00fck\u00fcm alt\u0131na al\u0131nm\u0131\u015ft\u0131r. Bu su\u00e7 ile alacakl\u0131n\u0131n alacak hakk\u0131n\u0131n korunmas\u0131 [&hellip;]<\/p>\n","protected":false},"author":1,"featured_media":0,"comment_status":"closed","ping_status":"closed","sticky":false,"template":"","format":"standard","meta":{"site-sidebar-layout":"default","site-content-layout":"","ast-site-content-layout":"default","site-content-style":"default","site-sidebar-style":"default","ast-global-header-display":"","ast-banner-title-visibility":"","ast-main-header-display":"","ast-hfb-above-header-display":"","ast-hfb-below-header-display":"","ast-hfb-mobile-header-display":"","site-post-title":"","ast-breadcrumbs-content":"","ast-featured-img":"","footer-sml-layout":"","ast-disable-related-posts":"","theme-transparent-header-meta":"","adv-header-id-meta":"","stick-header-meta":"","header-above-stick-meta":"","header-main-stick-meta":"","header-below-stick-meta":"","astra-migrate-meta-layouts":"default","ast-page-background-enabled":"default","ast-page-background-meta":{"desktop":{"background-color":"","background-image":"","background-repeat":"repeat","background-position":"center center","background-size":"auto","background-attachment":"scroll","background-type":"","background-media":"","overlay-type":"","overlay-color":"","overlay-opacity":"","overlay-gradient":""},"tablet":{"background-color":"","background-image":"","background-repeat":"repeat","background-position":"center center","background-size":"auto","background-attachment":"scroll","background-type":"","background-media":"","overlay-type":"","overlay-color":"","overlay-opacity":"","overlay-gradient":""},"mobile":{"background-color":"","background-image":"","background-repeat":"repeat","background-position":"center center","background-size":"auto","background-attachment":"scroll","background-type":"","background-media":"","overlay-type":"","overlay-color":"","overlay-opacity":"","overlay-gradient":""}},"ast-content-background-meta":{"desktop":{"background-color":"var(--ast-global-color-5)","background-image":"","background-repeat":"repeat","background-position":"center center","background-size":"auto","background-attachment":"scroll","background-type":"","background-media":"","overlay-type":"","overlay-color":"","overlay-opacity":"","overlay-gradient":""},"tablet":{"background-color":"var(--ast-global-color-5)","background-image":"","background-repeat":"repeat","background-position":"center center","background-size":"auto","background-attachment":"scroll","background-type":"","background-media":"","overlay-type":"","overlay-color":"","overlay-opacity":"","overlay-gradient":""},"mobile":{"background-color":"var(--ast-global-color-5)","background-image":"","background-repeat":"repeat","background-position":"center center","background-size":"auto","background-attachment":"scroll","background-type":"","background-media":"","overlay-type":"","overlay-color":"","overlay-opacity":"","overlay-gradient":""}},"footnotes":""},"categories":[8],"tags":[],"class_list":["post-1556","post","type-post","status-publish","format-standard","hentry","category-icra-ve-iflas-hukuku"],"_links":{"self":[{"href":"https:\/\/kokvekok.com\/en\/wp-json\/wp\/v2\/posts\/1556","targetHints":{"allow":["GET"]}}],"collection":[{"href":"https:\/\/kokvekok.com\/en\/wp-json\/wp\/v2\/posts"}],"about":[{"href":"https:\/\/kokvekok.com\/en\/wp-json\/wp\/v2\/types\/post"}],"author":[{"embeddable":true,"href":"https:\/\/kokvekok.com\/en\/wp-json\/wp\/v2\/users\/1"}],"replies":[{"embeddable":true,"href":"https:\/\/kokvekok.com\/en\/wp-json\/wp\/v2\/comments?post=1556"}],"version-history":[{"count":7,"href":"https:\/\/kokvekok.com\/en\/wp-json\/wp\/v2\/posts\/1556\/revisions"}],"predecessor-version":[{"id":1563,"href":"https:\/\/kokvekok.com\/en\/wp-json\/wp\/v2\/posts\/1556\/revisions\/1563"}],"wp:attachment":[{"href":"https:\/\/kokvekok.com\/en\/wp-json\/wp\/v2\/media?parent=1556"}],"wp:term":[{"taxonomy":"category","embeddable":true,"href":"https:\/\/kokvekok.com\/en\/wp-json\/wp\/v2\/categories?post=1556"},{"taxonomy":"post_tag","embeddable":true,"href":"https:\/\/kokvekok.com\/en\/wp-json\/wp\/v2\/tags?post=1556"}],"curies":[{"name":"wp","href":"https:\/\/api.w.org\/{rel}","templated":true}]}}