{"id":1459,"date":"2021-08-26T12:02:45","date_gmt":"2021-08-26T09:02:45","guid":{"rendered":"https:\/\/kokvekok.com\/?p=1459"},"modified":"2021-08-26T12:03:46","modified_gmt":"2021-08-26T09:03:46","slug":"yekdem-ve-epdknin-22-06-2017-tarih-ve-7150-3-sayili-kurul-kararinin-degerlendirilmesi","status":"publish","type":"post","link":"https:\/\/kokvekok.com\/en\/yekdem-ve-epdknin-22-06-2017-tarih-ve-7150-3-sayili-kurul-kararinin-degerlendirilmesi\/","title":{"rendered":"YEKDEM ve EPDK\u2019n\u0131n 22.06.2017 Tarih ve 7150-3 Say\u0131l\u0131 Kurul Karar\u0131\u2019n\u0131n De\u011ferlendirilmesi"},"content":{"rendered":"<div data-elementor-type=\"wp-post\" data-elementor-id=\"1459\" class=\"elementor elementor-1459\">\n\t\t\t\t\t\t<section class=\"elementor-section elementor-top-section elementor-element elementor-element-a213c03 elementor-section-boxed elementor-section-height-default elementor-section-height-default\" data-id=\"a213c03\" data-element_type=\"section\" data-e-type=\"section\">\n\t\t\t\t\t\t<div class=\"elementor-container elementor-column-gap-default\">\n\t\t\t\t\t<div class=\"elementor-column elementor-col-100 elementor-top-column elementor-element elementor-element-cc720d9\" data-id=\"cc720d9\" data-element_type=\"column\" data-e-type=\"column\">\n\t\t\t<div class=\"elementor-widget-wrap elementor-element-populated\">\n\t\t\t\t\t\t<div class=\"elementor-element elementor-element-2bfa288 elementor-widget elementor-widget-text-editor\" data-id=\"2bfa288\" data-element_type=\"widget\" data-e-type=\"widget\" data-widget_type=\"text-editor.default\">\n\t\t\t\t<div class=\"elementor-widget-container\">\n\t\t\t\t\t\t\t\t\t<p><strong>Giri\u015f<\/strong><\/p>\n<p>D\u00fcnya\u2019n\u0131n ortak problemi olan \u00e7evre kirlili\u011fi, iklim krizi, fosil yak\u0131t kaynaklar\u0131n\u0131n s\u0131n\u0131rl\u0131 olmas\u0131, pahal\u0131l\u0131\u011f\u0131 ve \u00e7evreye verdi\u011fi tahribat gibi nedenlerle h\u00fck\u00fcmetlerce yenilenebilir enerji kaynaklar\u0131n\u0131n kullan\u0131m\u0131 yayg\u0131nla\u015ft\u0131r\u0131lmaya \u00e7al\u0131\u015f\u0131lmakta ve bu ama\u00e7la \u00e7e\u015fitli d\u00fczenlemeler yap\u0131lmaktad\u0131r. T\u00fcrkiye\u2019de de bu \u00e7abalara \u00f6rnek olarak, yenilebilir enerji kaynaklar\u0131n\u0131n kullan\u0131m\u0131n\u0131 yayg\u0131nla\u015ft\u0131rma amac\u0131 ile Yenilenebilir Enerji Kaynaklar\u0131n\u0131 Destekleme Mekanizmas\u0131 (\u201cYEKDEM\u201d) ad\u0131 alt\u0131nda bir d\u00fczenleme ihdas edilmi\u015f durumdad\u0131r. YEKDEM k\u0131saca, yenilenebilir enerji alan\u0131nda faaliyet g\u00f6steren \u00fcretim lisans\u0131na sahip t\u00fczel ki\u015filer ve lisanss\u0131z elektrik \u00fcretimi yapan ki\u015filerin faydalanabildi\u011fi, 5346 say\u0131l\u0131 kanun kapsam\u0131nda d\u00fczenlenmi\u015f bir te\u015fviktir. \u0130\u015fbu yaz\u0131 ile de, YEKDEM uygulamas\u0131na ili\u015fkin a\u00e7\u0131klamalar yap\u0131lacak olup; EPDK taraf\u0131ndan YEKDEM hususunda al\u0131nan EPDK\u2019nin 22.06.2017 Tarih ve 7150-3 Say\u0131l\u0131 Kurul Karar\u0131 ve bu Karar\u2019da yap\u0131lan \u201cbedelsiz katk\u0131\u201d nitelendirilmesinin hukuk kar\u015f\u0131s\u0131ndaki durumu ele al\u0131nacakt\u0131r.<\/p>\n<p><strong>YEKDEM Uygulamas\u0131<\/strong><\/p>\n<p>5346 say\u0131l\u0131 Yenilenebilir Enerji Kaynaklar\u0131n\u0131n Elektrik Enerjisi \u00dcretimi Ama\u00e7l\u0131 Kullan\u0131m\u0131na \u0130li\u015fkin Kanun\u2019da YEKDEM\u2019den yararlanabilecek \u00fcretim tesisleri; r\u00fczgar, jeotermal, biyok\u00fctleden elde edilen gaz ve \u00e7\u00f6p gaz\u0131 da dahil olmak \u00fczere, g\u00fcne\u015f enerjisi, dalga enerjisi, ak\u0131nt\u0131 enerjisi, gel-git enerjisi, nehir tipi veya rezervuar alan\u0131 on be\u015f kilometrekarenin alt\u0131nda olan hidroelektrik \u00fcretim tesisleri olarak s\u0131ralanm\u0131\u015ft\u0131r.<\/p>\n<p>Yenilenebilir Enerji Kaynaklar\u0131n\u0131n Belgelendirilmesi ve Desteklenmesine \u0130li\u015fkin Y\u00f6netmelik\u2019te, yenilenebilir enerji kaynaklar\u0131na dayal\u0131 \u00fcretim lisans\u0131 sahibi t\u00fczel ki\u015filerin, lisans baz\u0131nda, bir sonraki takvim y\u0131l\u0131nda&nbsp;YEKDEM\u2019e&nbsp;kay\u0131t olmak istemeleri halinde 31 Ekim tarihine kadar Kuruma ba\u015fvuru yapmalar\u0131 gerekti\u011fi ifade edilmi\u015ftir. S\u00f6z konusu te\u015fvikten enerji \u00fcretim tesisleri yararlanabilmekte olup, ba\u015fvurular\u0131 kabul edilen \u00fcretim \u015firketleri, g\u00f6revli tedarik \u015firketlerinin belirlenmi\u015f fiyat \u00fczerindeki al\u0131m taahh\u00fcd\u00fcnden yararlanmaktad\u0131r.<\/p>\n<p>EP\u0130A\u015e taraf\u0131ndan, her fatura d\u00f6nemi i\u00e7in YEK toplam bedeli ilan edilerek her bir tedarik\u00e7inin \u00f6deme y\u00fck\u00fcml\u00fcl\u00fc\u011f\u00fc oran\u0131 tespit edilmektedir. T\u00fcketicilere elektrik enerjisi sa\u011flayan her bir tedarik\u00e7i i\u00e7in tespit edilmi\u015f olan \u00f6demekle y\u00fck\u00fcml\u00fc oldu\u011fu tutar, ilgili tedarik\u00e7iye fatura edilerek, s\u00f6z konusu tedarik\u00e7ilerden yap\u0131lan tahsilat YEK Destekleme Mekanizmas\u0131na tabi t\u00fczel ki\u015filere paylar\u0131 oran\u0131nda \u00f6denmektedir.<\/p>\n<p>YEKDEM kat\u0131l\u0131mc\u0131lar\u0131na her bir fatura d\u00f6nemi i\u00e7in \u00f6denecek YEK toplam bedeli (YEKTOB), Yenilenebilir Enerji Kaynaklar\u0131n\u0131n Belgelendirilmesi ve Desteklenmesine \u0130li\u015fkin Y\u00f6netmelik\u2019in 12. Maddesindeki form\u00fcl uyar\u0131nca hesaplan\u0131r. \u0130 tedarik\u00e7isinin YEKDEM kapsam\u0131ndaki, bir fatura d\u00f6nemindeki \u00f6deme y\u00fck\u00fcml\u00fcl\u00fc\u011f\u00fc oran\u0131 (\u00d6YO<sub>i<\/sub>)\u2019da s\u00f6z konusu Y\u00f6netmelik\u2019in 13. Maddesi uyar\u0131nca hesaplanmaktad\u0131r. Her bir tedarik\u00e7iden Piyasa \u0130\u015fletmecisi taraf\u0131ndan ayl\u0131k bazda tahsil edilecek \u00f6deme y\u00fck\u00fcml\u00fcl\u00fc\u011f\u00fc tutar\u0131 (\u00d6YT) ise, YEKDEM kapsam\u0131nda hesaplanan \u00f6deme y\u00fck\u00fcml\u00fcl\u00fc\u011f\u00fc oran\u0131 da dikkate al\u0131narak ayn\u0131 Y\u00f6netmelik\u2019in 14. Maddesi uyar\u0131nca hesaplanmaktad\u0131r. Piyasa \u0130\u015fletmecisi, tedarik\u00e7ilerin 14. Madde kapsam\u0131nda hesaplanan \u00f6deme y\u00fck\u00fcml\u00fcl\u00fc\u011f\u00fc tutarlar\u0131na ili\u015fkin m\u00fckellefiyetlerini yerine getirmek amac\u0131yla, gerekti\u011finde dengeleme ve uzla\u015ft\u0131rma i\u015flemlerini d\u00fczenleyen ilgili mevzuat h\u00fck\u00fcmlerine g\u00f6re tahsil edilen teminatlar\u0131n\u0131 kullanabilmektedir.<\/p>\n<p>5346 say\u0131l\u0131 Kanunun y\u00fcr\u00fcrl\u00fck tarihi olan 18\/5\/2005\u2019ten 31\/12\/2020 tarihine kadar i\u015fletmeye girmi\u015f veya girecek olan YEK Destekleme Mekanizmas\u0131na tabi \u00fcretim lisans\u0131 sahiplerine te\u015fvik kapsam\u0131nda kanuna ekli 1 Say\u0131l\u0131 Cetvel\u2019de yer alan fiyatlar 10 y\u0131l boyunca uygulanmaktad\u0131r. Yek Destekleme Mekanizmas\u0131nda \u00f6ng\u00f6r\u00fclm\u00fc\u015f s\u00fcreler; tesislerden i\u015fletmedekiler i\u00e7in i\u015fletmeye girdi\u011fi tarihten, hen\u00fcz i\u015fletmeye girmemi\u015f olanlar i\u00e7in i\u015fletmeye girecekleri tarihten itibaren i\u015flemeye ba\u015flar. S\u00f6z konusu tarih 31\/12\/2020, Cumhurba\u015fkan\u0131 karar\u0131 ile 30.06.2021 tarihine kadar uzat\u0131lm\u0131\u015f olup, bu tarihten sonra i\u015fletmeye girecek olan YEK Belgeli \u00fcretim tesisleri i\u00e7in 5346 Say\u0131l\u0131 Kanun\u2019a g\u00f6re uygulanacak fiyat ve s\u00fcreler Cetveldeki fiyatlar\u0131 ge\u00e7memek \u00fczere Cumhurba\u015fkan\u0131 taraf\u0131ndan belirlenir. YEK Destekleme Mekanizmas\u0131na tabi olanlar, uygulamaya dahil olduklar\u0131 y\u0131l i\u00e7erisinde uygulaman\u0131n d\u0131\u015f\u0131na \u00e7\u0131kamazlar. Lisans sahibi t\u00fczel ki\u015filerin bu Kanun kapsam\u0131ndaki yenilenebilir enerji \u00fcretim kaynaklar\u0131na dayal\u0131 ve 30\/6\/2021 tarihinden \u00f6nce i\u015fletmeye giren \u00fcretim tesislerinde, kullan\u0131lan mekanik aksam\u0131n yurt i\u00e7inde imal edilmi\u015f olmas\u0131 halinde, bu tesislerde \u00fcretilerek iletim ve da\u011f\u0131t\u0131ma verilen elektrik enerjisi i\u00e7in, hali haz\u0131rda YEKDEM kapsam\u0131nda uygulanmakta olan fiyatlara, \u00fcretim tesisinin i\u015fletmeye giri\u015f tarihinden itibaren 5 y\u0131l s\u00fcreyle Kanuna ekli 2 Say\u0131l\u0131 Cetvel\u2019de belirtilen fiyatlar ilave edilir.<\/p>\n<p>YEK Destekleme Mekanizmas\u0131na tabi olanlar\u0131n listesi ile bunlara ait tesislerin i\u015fletmeye giri\u015f tarihlerine, y\u0131ll\u0131k elektrik enerjisi \u00fcretim kapasitelerine ve y\u0131ll\u0131k \u00fcretim program\u0131na ili\u015fkin bilgiler, kaynak t\u00fcrlerine g\u00f6re EPDK taraf\u0131ndan y\u0131l sonuna kadar yay\u0131mlan\u0131r. Yenilenebilir enerji kaynaklar\u0131ndan elektrik enerjisi \u00fcreten tesislerin lisanslar\u0131na der\u00e7 edilecek y\u0131ll\u0131k \u00fcretim miktar\u0131, bu tesislerin kayna\u011f\u0131na g\u00f6re mevcut kurulu g\u00fcc\u00fc ile \u00fcretebilece\u011fi y\u0131ll\u0131k azami \u00fcretim miktar\u0131d\u0131r. Elektrik enerjisi \u00fcretimi yapmak \u00fczere lisans alan s\u00f6z konusu ki\u015filer, lisanslar\u0131nda belirtilen sahan\u0131n d\u0131\u015f\u0131na \u00e7\u0131kmamak ve i\u015fletme an\u0131nda sisteme verilen g\u00fcc\u00fcn lisanslar\u0131nda belirtilen kurulu g\u00fcc\u00fc a\u015fmamak \u00fczere ek tesis kurabilirler.<\/p>\n<p>Kendi t\u00fcketim ihtiyac\u0131n\u0131 kar\u015f\u0131lamaya y\u00f6nelik olarak yenilenebilir enerji kaynaklar\u0131ndan elektrik enerjisi \u00fcreten lisanss\u0131z elektrik \u00fcretim faaliyetinde bulunan ger\u00e7ek ve t\u00fczel ki\u015filer de ihtiya\u00e7lar\u0131n\u0131n \u00fczerinde \u00fcrettikleri elektrik enerjisini da\u011f\u0131t\u0131m sistemine vermeleri halinde YEKDEM kapsam\u0131ndaki fiyatlamalardan on y\u0131l s\u00fcre ile faydalanabilirler. Bu kapsamda da\u011f\u0131t\u0131m sistemine verilen elektrik enerjisinin g\u00f6revli tedarik \u015firketi taraf\u0131ndan sat\u0131n al\u0131nmas\u0131 zorunludur. \u0130lgili \u015firketlerin sat\u0131n ald\u0131klar\u0131 elektrik enerjisi, ilgili g\u00f6revli tedarik \u015firketi taraf\u0131ndan YEK Destekleme Mekanizmas\u0131 kapsam\u0131nda \u00fcretilmi\u015f ve sisteme verilmi\u015f kabul edilir.<\/p>\n<p><strong>YEKDEM ve \u0130dare\u2019nin Yetkisi<\/strong><\/p>\n<p>5346 say\u0131l\u0131 Kanun, 9. maddesinde yer alan \u201cEnerji ve Tabii Kaynaklar Bakanl\u0131\u011f\u0131, bu Kanunda belirtilen temel ilkelerin ve y\u00fck\u00fcml\u00fcl\u00fcklerin uygulanmas\u0131, y\u00f6nlendirilmesi, izlenmesi, de\u011ferlendirilmesi ve al\u0131nacak tedbirlerin planlanmas\u0131nda koordinasyonu sa\u011flar.\u201d h\u00fckm\u00fcyle idareye YEKDEM kapsam\u0131nda y\u00fcr\u00fct\u00fclen s\u00fcrecin d\u00fczenlenmesi ve denetimi y\u00fck\u00fcml\u00fcl\u00fc\u011f\u00fcn\u00fc getirmi\u015ftir. YEK Destekleme Mekanizmas\u0131ndan yararlanmak isteyenler, YEK Belgesi almak ve EPDK\u2019ye ba\u015fvurmak zorundad\u0131r. S\u00f6z konusu Mekanizmaya tabi olanlar\u0131n listesi ile bunlara ait tesislerin i\u015fletmeye giri\u015f tarihlerinin, y\u0131ll\u0131k elektrik enerjisi \u00fcretim kapasitelerine ve y\u0131ll\u0131k \u00fcretim program\u0131na ili\u015fkin bilgilerin, kaynak t\u00fcrlerine g\u00f6re EPDK taraf\u0131ndan y\u0131l sonuna kadar yay\u0131mlan\u0131yor olmas\u0131 da idarenin YEKDEM s\u00fcrecine ili\u015fkin t\u00fczel ki\u015filerin faaliyetlerine dair bilgilere vak\u0131f oldu\u011funu, bu sebeple denetim yetkisinin tam olarak kullanma yetkisini de haiz oldu\u011funu g\u00f6stermektedir.<\/p><p><strong style=\"font-size: 16px;\">EPDK\u2019n\u0131n 22.06.2017 Tarih ve 7150-3 Say\u0131l\u0131 Kurul Karar\u0131\u2019n\u0131n De\u011ferlendirilmesi<\/strong><\/p>\n<p>EPDK\u2019nin 22.06.2017 Tarih ve 7150-3 Say\u0131l\u0131 Kurul Karar\u0131\u2019nda Elektrik Piyasas\u0131nda Lisanss\u0131z Elektrik \u00dcretim Y\u00f6netmeli\u011fi\u2019nin 5 maddesinin C bendi kapsam\u0131nda olan \u00fcretim tesislerinin, sisteme 1 MW\u2019den fazla enerji vermesi durumunda s\u00f6z konusu ayda \u00fcretilen toplam enerji ile ilgili olarak &nbsp;t\u00fczel ki\u015fiye herhangi bir \u00f6deme yap\u0131lmamas\u0131na ve sisteme verilen s\u00f6z konusu enerjinin YEKDEM\u2019e bedelsiz katk\u0131 olarak nitelendirilmesine karar vermesi bir\u00e7ok a\u00e7\u0131dan hukuka uygunlu\u011fu tart\u0131\u015fmaya a\u00e7\u0131k bir karar olup, \u00fcretim tesislerine s\u00f6z konusu ay i\u00e7in herhangi bir \u00f6deme yap\u0131lmayaca\u011f\u0131n\u0131n kararla\u015ft\u0131r\u0131lmas\u0131 ve buna ek olarak para cezas\u0131 kesilmesi \u00fcreticiye a\u015f\u0131r\u0131 bir y\u00fck\u00fcml\u00fcl\u00fck getirmekte olup fiil ve \u00f6ng\u00f6r\u00fclm\u00fc\u015f yapt\u0131r\u0131m aras\u0131ndaki a\u00e7\u0131k uygunsuzluk, orant\u0131l\u0131l\u0131k ilkesini ihlal eder bir nitelik ta\u015f\u0131maktad\u0131r. Cezalar\u0131n cayd\u0131r\u0131c\u0131 olmas\u0131 gerekti\u011fi gibi, ayn\u0131 zamanda cezaya konu i\u015flem ile ceza aras\u0131nda bir orant\u0131 olmas\u0131 gerekir. Di\u011fer bir deyi\u015fle haklar\u0131n k\u0131s\u0131tlanmas\u0131 noktas\u0131nda ceza ile fiil aras\u0131nda bir uygunluk olmal\u0131d\u0131r. Kan\u0131m\u0131zca, s\u00f6z konusu a\u015f\u0131ma ili\u015fkin idarece kararla\u015ft\u0131r\u0131lm\u0131\u015f olan yapt\u0131r\u0131m\u0131n ise uygunsuzlu\u011fu a\u00e7\u0131k olup, Anayasa\u2019da g\u00fcvence alt\u0131na al\u0131nm\u0131\u015f olan m\u00fclkiyet hakk\u0131n\u0131n \u00f6z\u00fcne dokunarak, \u00f6l\u00e7\u00fcs\u00fcz bir bi\u00e7imde ihlalini te\u015fkil etmektedir.<\/p>\n<p>S\u00f6z konusu Te\u015fvik Program\u0131 YEKDEM\u2019in, idarenin y\u00f6netiminde ilerliyor olmas\u0131ndan bahisle lisansl\u0131 veya lisans\u0131z elektrik \u00fcretimine ili\u015fkin, denetimin tam anlam\u0131yla ger\u00e7ekle\u015ftirilmemesi sonucu, ortaya \u00e7\u0131km\u0131\u015f olan hukuka ayk\u0131r\u0131l\u0131klar kaynakl\u0131 \u00fcretim tesislerine geriye d\u00f6n\u00fck sorumluluk y\u00fcklenmesi idarenin i\u015flemlerinin hukuka uygunlu\u011fu ilkesi ile \u00e7eli\u015fki olu\u015fturmaktad\u0131r. Gerekli yetki ile donat\u0131lm\u0131\u015f bulunan idare taraf\u0131ndan, denetim sa\u011flanmayarak ayk\u0131r\u0131l\u0131\u011f\u0131n bilgisi d\u0131\u015f\u0131nda oldu\u011fu iddias\u0131yla veya herhangi bir nedenle hukuka ayk\u0131r\u0131 bir durum kar\u015f\u0131s\u0131nda suskun kal\u0131nmas\u0131 ve \u00fcretim tesislerince yararlan\u0131lan te\u015fvik uygulamas\u0131 s\u00fcrecine tesisler aleyhine bir durum olu\u015fturulmadan devam edilmesi, idare nezdinde bir ayk\u0131r\u0131l\u0131\u011f\u0131n s\u00f6z konusu olmad\u0131\u011f\u0131n\u0131n kabul\u00fc \u015feklinde yorumlanmal\u0131d\u0131r. Dan\u0131\u015ftay \u0130\u00e7tihad\u0131 Birle\u015ftirme Genel Kurulu; 1969\/8 E., 1973\/14 K., 22.12.1973 T. Karar\u0131nda da , idari i\u015flemlerde do\u011fruluk karinesi bulundu\u011fundan, aksi yetkili merci veya makamlarca saptand\u0131\u011f\u0131 tarihe kadar do\u011fru kabul edilen bir i\u015flemin do\u011furdu\u011fu sonu\u00e7lar\u0131n da do\u011fru olmas\u0131 gerekti\u011fi, bu kural\u0131n aksini d\u00fc\u015f\u00fcnmek idarede ve toplum ya\u015fant\u0131s\u0131nda karga\u015fay\u0131 ve anar\u015fiyi davet demek oldu\u011fu belirtilmi\u015f olup karardan anla\u015f\u0131laca\u011f\u0131 \u00fczere idari i\u015flemlerin ve bu i\u015flemlerin sonu\u00e7lar\u0131n\u0131n hukuka uygun oldu\u011fu kabul\u00fc aksi ispat edilene kadar ge\u00e7erli olup, s\u00f6z konusu i\u015flemlerin hukuka ayk\u0131r\u0131l\u0131\u011f\u0131n\u0131n tespit edildi\u011fi her an t\u00fcm sonu\u00e7lar\u0131 ile birlikte geri al\u0131nabilir bir niteli\u011fe sahip olmas\u0131, idari i\u015flemlere ili\u015fkin istikrar prensibini ihlal etmi\u015f olaca\u011f\u0131ndan, YEKDEM kapsam\u0131nda ayk\u0131r\u0131l\u0131k iddias\u0131 ile i\u015fleme ili\u015fkin idare taraf\u0131ndan ge\u00e7mi\u015fe d\u00f6n\u00fck iade talebinde bulunulmas\u0131 m\u00fcmk\u00fcn g\u00f6r\u00fcnmemektedir.<\/p>\n<p>Lisansl\u0131 elektrik \u00fcretiminde, \u00fcretim tesislerinde y\u0131llar boyunca kurulu g\u00fcc\u00fcn \u00fczerinde elektrik \u00fcretiliyor olmas\u0131, idarece gerekli yetkiyi haiz olunmas\u0131na ra\u011fmen bu hususa ili\u015fkin y\u00f6netim ve denetimin sa\u011flanmamas\u0131, s\u00f6z konusu a\u015f\u0131mlar\u0131n bilgisi dahilinde olmas\u0131na ra\u011fmen hukuka ayk\u0131r\u0131l\u0131k olu\u015fturdu\u011fu y\u00f6n\u00fcnde bir iradenin ortaya konmam\u0131\u015f olmas\u0131, idarenin a\u015f\u0131mlar\u0131n hukuka ayk\u0131r\u0131l\u0131k olu\u015fturmad\u0131\u011f\u0131na dair a\u00e7\u0131k kabul\u00fcn\u00fc te\u015fkil edip, geriye d\u00f6n\u00fck \u00fcretim tesislerinden talepte bulunulmas\u0131 ile \u00e7eli\u015fir niteliktedir. Kald\u0131 ki YEKDEM kat\u0131l\u0131mc\u0131lar\u0131n\u0131n saatlik \u00fcretim tahminlerini her bir g\u00fcn i\u00e7in, \u00f6nceki g\u00fcn saat 09.00 DGYPS \u00fczerinden MYTM\u2019ye bildiriyor olmas\u0131 hususu ve \u00fcretim tesislerindeki kurulu g\u00fcc\u00fcn \u00fczerindeki \u00fcretime ili\u015fkin \u00f6demenin eksiksiz yap\u0131l\u0131yor olmas\u0131ndan bahisle idarenin a\u015f\u0131mdan haberdar oldu\u011fu a\u00e7\u0131k olup, a\u015f\u0131ma ili\u015fkin geriye d\u00f6n\u00fck taleplerin hukuki dayanaktan yoksun oldu\u011fu ortadad\u0131r. \u0130darenin i\u015flemlerinin aksi ispat edilene kadar hukuka uygun olu\u015funa ek olarak, idarenin a\u00e7\u0131k kabul\u00fc kar\u015f\u0131s\u0131nda hukuki olarak sonu\u00e7lar\u0131n\u0131 do\u011furmu\u015f i\u015flemden kaynakl\u0131 bir yapt\u0131r\u0131m\u0131n \u00f6ng\u00f6r\u00fclmesi, i\u015flemin taraf\u0131 olan ki\u015filerin hukuki g\u00fcvenli\u011fini de zedeler niteliktedir.<\/p>\n<p>A\u015f\u0131mlar\u0131n s\u00fcre\u011fenli\u011fi g\u00f6z \u00f6n\u00fcne al\u0131nd\u0131\u011f\u0131nda, hukuka ayk\u0131r\u0131l\u0131k olu\u015fturdu\u011funa ili\u015fkin iradenin ilk a\u015f\u0131m\u0131n ger\u00e7ekle\u015fti\u011fi zaman\u0131 takiben yap\u0131lm\u0131\u015f olmas\u0131 d\u00fcr\u00fcstl\u00fck kural\u0131n\u0131n bir gere\u011fi olup, y\u0131llar boyunca bu y\u00f6nde idareye ait bir beyan olmamas\u0131na ra\u011fmen sonras\u0131nda hukuka ayk\u0131r\u0131l\u0131k iddias\u0131nda bulunulmu\u015f olmas\u0131 d\u00fcr\u00fcstl\u00fck kural\u0131na ayk\u0131r\u0131l\u0131k te\u015fkil edecektir. Kurulu g\u00fcc\u00fcn \u00fczerinde \u00fcretim yapan tesis ve s\u00f6z konusu a\u015f\u0131m kapsam\u0131ndaki elektri\u011fe ili\u015fkin \u00f6demeleri tam olarak yapan idare aras\u0131nda bir g\u00fcven ili\u015fkisi kurulmu\u015ftur. \u0130darece y\u0131llar boyunca kurulu g\u00fcc\u00fcn \u00fczerindeki \u00fcretimlere ili\u015fkin \u00f6demelerin aksakl\u0131k ya\u015fanmadan yap\u0131lmas\u0131, \u00fcretimin idare taraf\u0131ndan kabul edildi\u011fini g\u00f6sterdi\u011finden, i\u015flemin taraf\u0131 olan \u00fcretim tesisi t\u00fczel ki\u015fisinde hakl\u0131 bir g\u00fcven olu\u015fturulmu\u015ftur. Sonras\u0131nda idarenin a\u015f\u0131m\u0131n ayk\u0131r\u0131l\u0131k olu\u015fturdu\u011funa dair beyan\u0131, t\u00fczel ki\u015fi nezdindeki hakl\u0131 g\u00fcveni ihlal eder nitelikte oldu\u011fundan hakk\u0131n k\u00f6t\u00fcye kullan\u0131lmas\u0131 te\u015fkil edecektir.<\/p>\n<p><strong>Sonu\u00e7<\/strong><\/p>\n<p>G\u00f6r\u00fcld\u00fc\u011f\u00fc \u00fczere, EPDK\u2019nin 22.06.2017 Tarih ve 7150-3 Say\u0131l\u0131 Kurul Karar\u0131\u2019nda Elektrik Piyasas\u0131nda Lisanss\u0131z Elektrik \u00dcretim Y\u00f6netmeli\u011fi\u2019nin 5 maddesinin C bendi kapsam\u0131nda olan \u00fcretim tesislerinin, sisteme 1 MW\u2019den fazla enerji vermesi durumunda s\u00f6z konusu ayda \u00fcretilen toplam enerji ile ilgili olarak t\u00fczel ki\u015fiye herhangi bir \u00f6deme yap\u0131lmamas\u0131 ve sisteme verilen s\u00f6z konusu enerjinin YEKDEM\u2019e bedelsiz katk\u0131 olarak nitelendirmesi karar\u0131 \u00f6ncelikle idari i\u015flemlerde do\u011fruluk karinesine ve istikrar prensibine ayk\u0131r\u0131 olmakla birlikte; s\u00f6z konusu t\u00fczel ki\u015filere idari para cezas\u0131 uygulanmas\u0131 kan\u0131m\u0131zca m\u00fclkiyet hakk\u0131n\u0131 da ihlal eder bi\u00e7imde \u00f6l\u00e7\u00fcl\u00fcl\u00fck ilkesine de ayk\u0131r\u0131l\u0131k te\u015fkil etmektedir. A\u015f\u0131mlar\u0131n s\u00fcre\u011fenli\u011fi, a\u015f\u0131m olarak nitelendirilen enerjinin idare taraf\u0131ndan kullan\u0131lm\u0131\u015f olmas\u0131 ve bu a\u015f\u0131mlar kapsam\u0131nda idarenin istikrarl\u0131 bir \u015fekilde \u00f6deme yapm\u0131\u015f olmas\u0131 hususlar\u0131 da d\u00fc\u015f\u00fcn\u00fcld\u00fc\u011f\u00fcnde, \u00f6nce bu a\u015f\u0131mlar\u0131n \u201cbedelsiz katk\u0131\u201d olarak nitelendirilmesi, sonras\u0131nda ge\u00e7mi\u015fe d\u00f6n\u00fck para talebinde bulunulmas\u0131 ve \u00fcst\u00fcne idari para cezas\u0131 uygulanmas\u0131 durumunun Anayasa\u2019da yer alan \u201chukuk devleti ilkesi\u201d ile de ba\u011fda\u015fmad\u0131\u011f\u0131 ortadad\u0131r. Hal b\u00f6yle iken, bu karar sebebiyle hukuki menfaatleri zarar g\u00f6renlerin a\u00e7aca\u011f\u0131 davalarda yukar\u0131da ele al\u0131nan temel hak ve prensiplerin g\u00f6z \u00f6n\u00fcne al\u0131narak karar verilmesi, b\u00f6ylesi uygulamalarda \u0131srarc\u0131 olunmamas\u0131 ve benzer kararlar\u0131n verilmemesi bahsedilen haklar ve prensipler do\u011frultusunda hukuki bir zorunluluktur.<\/p>\t\t\t\t\t\t\t\t<\/div>\n\t\t\t\t<\/div>\n\t\t\t\t\t<\/div>\n\t\t<\/div>\n\t\t\t\t\t<\/div>\n\t\t<\/section>\n\t\t\t\t<\/div>","protected":false},"excerpt":{"rendered":"<p>Giri\u015f D\u00fcnya\u2019n\u0131n ortak problemi olan \u00e7evre kirlili\u011fi, iklim krizi, fosil yak\u0131t kaynaklar\u0131n\u0131n s\u0131n\u0131rl\u0131 olmas\u0131, pahal\u0131l\u0131\u011f\u0131 ve \u00e7evreye verdi\u011fi tahribat gibi nedenlerle h\u00fck\u00fcmetlerce yenilenebilir enerji kaynaklar\u0131n\u0131n kullan\u0131m\u0131 yayg\u0131nla\u015ft\u0131r\u0131lmaya \u00e7al\u0131\u015f\u0131lmakta ve bu ama\u00e7la \u00e7e\u015fitli d\u00fczenlemeler yap\u0131lmaktad\u0131r. T\u00fcrkiye\u2019de de bu \u00e7abalara \u00f6rnek olarak, yenilebilir enerji kaynaklar\u0131n\u0131n kullan\u0131m\u0131n\u0131 yayg\u0131nla\u015ft\u0131rma amac\u0131 ile Yenilenebilir Enerji Kaynaklar\u0131n\u0131 Destekleme Mekanizmas\u0131 (\u201cYEKDEM\u201d) ad\u0131 alt\u0131nda [&hellip;]<\/p>\n","protected":false},"author":1,"featured_media":0,"comment_status":"closed","ping_status":"closed","sticky":false,"template":"","format":"standard","meta":{"site-sidebar-layout":"default","site-content-layout":"default","ast-site-content-layout":"default","site-content-style":"default","site-sidebar-style":"default","ast-global-header-display":"","ast-banner-title-visibility":"","ast-main-header-display":"","ast-hfb-above-header-display":"","ast-hfb-below-header-display":"","ast-hfb-mobile-header-display":"","site-post-title":"","ast-breadcrumbs-content":"","ast-featured-img":"","footer-sml-layout":"","ast-disable-related-posts":"","theme-transparent-header-meta":"default","adv-header-id-meta":"","stick-header-meta":"","header-above-stick-meta":"","header-main-stick-meta":"","header-below-stick-meta":"","astra-migrate-meta-layouts":"default","ast-page-background-enabled":"default","ast-page-background-meta":{"desktop":{"background-color":"","background-image":"","background-repeat":"repeat","background-position":"center center","background-size":"auto","background-attachment":"scroll","background-type":"","background-media":"","overlay-type":"","overlay-color":"","overlay-opacity":"","overlay-gradient":""},"tablet":{"background-color":"","background-image":"","background-repeat":"repeat","background-position":"center center","background-size":"auto","background-attachment":"scroll","background-type":"","background-media":"","overlay-type":"","overlay-color":"","overlay-opacity":"","overlay-gradient":""},"mobile":{"background-color":"","background-image":"","background-repeat":"repeat","background-position":"center center","background-size":"auto","background-attachment":"scroll","background-type":"","background-media":"","overlay-type":"","overlay-color":"","overlay-opacity":"","overlay-gradient":""}},"ast-content-background-meta":{"desktop":{"background-color":"var(--ast-global-color-5)","background-image":"","background-repeat":"repeat","background-position":"center center","background-size":"auto","background-attachment":"scroll","background-type":"","background-media":"","overlay-type":"","overlay-color":"","overlay-opacity":"","overlay-gradient":""},"tablet":{"background-color":"var(--ast-global-color-5)","background-image":"","background-repeat":"repeat","background-position":"center center","background-size":"auto","background-attachment":"scroll","background-type":"","background-media":"","overlay-type":"","overlay-color":"","overlay-opacity":"","overlay-gradient":""},"mobile":{"background-color":"var(--ast-global-color-5)","background-image":"","background-repeat":"repeat","background-position":"center center","background-size":"auto","background-attachment":"scroll","background-type":"","background-media":"","overlay-type":"","overlay-color":"","overlay-opacity":"","overlay-gradient":""}},"footnotes":""},"categories":[21],"tags":[],"class_list":["post-1459","post","type-post","status-publish","format-standard","hentry","category-enerji-hukuku"],"_links":{"self":[{"href":"https:\/\/kokvekok.com\/en\/wp-json\/wp\/v2\/posts\/1459","targetHints":{"allow":["GET"]}}],"collection":[{"href":"https:\/\/kokvekok.com\/en\/wp-json\/wp\/v2\/posts"}],"about":[{"href":"https:\/\/kokvekok.com\/en\/wp-json\/wp\/v2\/types\/post"}],"author":[{"embeddable":true,"href":"https:\/\/kokvekok.com\/en\/wp-json\/wp\/v2\/users\/1"}],"replies":[{"embeddable":true,"href":"https:\/\/kokvekok.com\/en\/wp-json\/wp\/v2\/comments?post=1459"}],"version-history":[{"count":4,"href":"https:\/\/kokvekok.com\/en\/wp-json\/wp\/v2\/posts\/1459\/revisions"}],"predecessor-version":[{"id":1463,"href":"https:\/\/kokvekok.com\/en\/wp-json\/wp\/v2\/posts\/1459\/revisions\/1463"}],"wp:attachment":[{"href":"https:\/\/kokvekok.com\/en\/wp-json\/wp\/v2\/media?parent=1459"}],"wp:term":[{"taxonomy":"category","embeddable":true,"href":"https:\/\/kokvekok.com\/en\/wp-json\/wp\/v2\/categories?post=1459"},{"taxonomy":"post_tag","embeddable":true,"href":"https:\/\/kokvekok.com\/en\/wp-json\/wp\/v2\/tags?post=1459"}],"curies":[{"name":"wp","href":"https:\/\/api.w.org\/{rel}","templated":true}]}}