{"id":1397,"date":"2021-03-10T10:42:44","date_gmt":"2021-03-10T07:42:44","guid":{"rendered":"https:\/\/kokvekok.com\/?p=1397"},"modified":"2021-03-10T10:44:18","modified_gmt":"2021-03-10T07:44:18","slug":"kisisel-verilerin-korunmasi-kanunu-ve-verbise-kayit-yukumlulugu-2","status":"publish","type":"post","link":"https:\/\/kokvekok.com\/en\/kisisel-verilerin-korunmasi-kanunu-ve-verbise-kayit-yukumlulugu-2\/","title":{"rendered":"Ki\u015fisel Verilerin Korunmas\u0131 Kanunu ve VERB\u0130S&#8217;e Kay\u0131t Y\u00fck\u00fcml\u00fcl\u00fc\u011f\u00fc"},"content":{"rendered":"<div data-elementor-type=\"wp-post\" data-elementor-id=\"1397\" class=\"elementor elementor-1397\">\n\t\t\t\t\t\t<section class=\"elementor-section elementor-top-section elementor-element elementor-element-9e59078 elementor-section-boxed elementor-section-height-default elementor-section-height-default\" data-id=\"9e59078\" data-element_type=\"section\" data-e-type=\"section\">\n\t\t\t\t\t\t<div class=\"elementor-container elementor-column-gap-default\">\n\t\t\t\t\t<div class=\"elementor-column elementor-col-100 elementor-top-column elementor-element elementor-element-e2ba965\" data-id=\"e2ba965\" data-element_type=\"column\" data-e-type=\"column\">\n\t\t\t<div class=\"elementor-widget-wrap elementor-element-populated\">\n\t\t\t\t\t\t<div class=\"elementor-element elementor-element-31b8fa9 elementor-widget elementor-widget-text-editor\" data-id=\"31b8fa9\" data-element_type=\"widget\" data-e-type=\"widget\" data-widget_type=\"text-editor.default\">\n\t\t\t\t<div class=\"elementor-widget-container\">\n\t\t\t\t\t\t\t\t\t<p>6698 say\u0131l\u0131 Ki\u015fisel Verilerin Korunmas\u0131 Kanunu (KVKK) ile birlikte faaliyetleri sebebiyle ki\u015fisel veri i\u015fleyen kimseler \u201cveri sorumlusu\u201d olarak adland\u0131r\u0131l\u0131rken, ki\u015fisel veri \u201ckimli\u011fi belirli veya belirlenebilir ger\u00e7ek ki\u015fiye ili\u015fkin her t\u00fcrl\u00fc bilgi\u201d olarak ifade edilmi\u015ftir. KVKK ki\u015fisel verisi i\u015flenen ki\u015filere (ilgili ki\u015fi) \u00e7e\u015fitli haklar tan\u0131maktad\u0131r ve veri sorumlular\u0131na da birtak\u0131m y\u00fck\u00fcml\u00fcl\u00fckler getirmektedir. Bu do\u011frultuda veri sorumlular\u0131 i\u00e7in \u00f6ng\u00f6r\u00fclen y\u00fck\u00fcml\u00fcl\u00fckler ba\u015fl\u0131ca \u201cVERB\u0130S\u2019e kay\u0131t olmak\u201d, \u201cKi\u015fisel Verilerin Korunmas\u0131 Kurulu kararlar\u0131na uymak\u201d, \u201cveri g\u00fcvenli\u011fini sa\u011flamak\u201d ve \u201cayd\u0131nlatma y\u00fck\u00fcml\u00fcl\u00fc\u011f\u00fc\u201d \u015feklinde kar\u015f\u0131m\u0131za \u00e7\u0131kmaktad\u0131r. Bu y\u00fck\u00fcml\u00fcl\u00fcklerden VERB\u0130S\u2019e kay\u0131t olma y\u00fck\u00fcml\u00fcl\u00fc\u011f\u00fc \u015fimdilik yaln\u0131zca Kurul karar\u0131 ile belirlenmi\u015f veri sorumlular\u0131 i\u00e7in s\u00f6z konusu olurken di\u011fer y\u00fck\u00fcml\u00fcl\u00fckler b\u00fct\u00fcn veri sorumlular\u0131 i\u00e7in ge\u00e7erlidir.<\/p>\n<p>Bu noktada Ki\u015fisel Verilerin Korunmas\u0131 Kurulu\u2019nun 2020\/482 nolu karar\u0131 kapsam\u0131nda VERB\u0130S\u2019e kay\u0131t olmas\u0131 gereken veri sorumlular\u0131 belirtilmi\u015f ve bu veri sorumlular\u0131n\u0131n VERB\u0130S\u2019e kay\u0131t olmas\u0131 i\u00e7in son tarihler \u00f6ng\u00f6r\u00fclm\u00fc\u015ft\u00fcr. Kararda yer alan veri sorumlular\u0131 ve kay\u0131t y\u00fck\u00fcml\u00fcl\u00fcklerinin son tarihi \u015fu \u015fekildedir:<\/p>\n<table>\n<tbody>\n<tr>\n<td>\n<p><strong>Veri Sorumlular\u0131<\/strong><\/p>\n<\/td>\n<td>\n<p><strong>Kay\u0131t Y\u00fck\u00fcml\u00fcl\u00fc\u011f\u00fc Ba\u015flang\u0131\u00e7 Tarihi<\/strong><\/p>\n<\/td>\n<td>\n<p><strong>Kay\u0131t Y\u00fck\u00fcml\u00fcl\u00fc\u011f\u00fc Son Tarihi<\/strong><\/p>\n<\/td>\n<\/tr>\n<tr>\n<td>\n<p>Y\u0131ll\u0131k \u00e7al\u0131\u015fan say\u0131s\u0131 50&#8217;den \u00e7ok veya y\u0131ll\u0131k mali bilan\u00e7o toplam\u0131 25 milyon TL&#8217;den \u00e7ok olan ger\u00e7ek ve t\u00fczel ki\u015fi veri sorumlular\u0131<\/p>\n<\/td>\n<td>\n<p>01.10.2018<\/p>\n<\/td>\n<td>\n<p>30.09.2020<\/p>\n<\/td>\n<\/tr>\n<tr>\n<td>\n<p>Y\u0131ll\u0131k \u00e7al\u0131\u015fan say\u0131s\u0131 50&#8217;den az ve y\u0131ll\u0131k mali bilan\u00e7o toplam\u0131 25 milyon TL&#8217;den az olup ana faaliyet konusu \u00f6zel nitelikli ki\u015fisel veri i\u015fleme olan ger\u00e7ek ve t\u00fczel ki\u015fi veri sorumlular\u0131<\/p>\n<\/td>\n<td>\n<p>01.01.2019<\/p>\n<\/td>\n<td>\n<p>31.03.2021<\/p>\n<\/td>\n<\/tr>\n<tr>\n<td>\n<p>Kamu kurum ve kurulu\u015fu veri sorumlular\u0131<\/p>\n<\/td>\n<td>\n<p>01.04.2019<\/p>\n<\/td>\n<td>\n<p>31.03.2021<\/p>\n<\/td>\n<\/tr>\n<\/tbody>\n<\/table>\n<p>\u0130\u015fbu bilgi notu da yakla\u015fan VERB\u0130S\u2019e kay\u0131t olma y\u00fck\u00fcml\u00fcl\u00fc\u011f\u00fc vesilesiyle veri sorumlular\u0131n\u0131n KVKK kapsam\u0131ndaki y\u00fck\u00fcml\u00fcl\u00fcklerinin nas\u0131l yerine getirilece\u011fi ve hangi hususlara dikkat edilmesi gerekti\u011fi noktalar\u0131nda bilgi sa\u011flama amac\u0131 g\u00fctmektedir. Tablodan g\u00f6r\u00fcld\u00fc\u011f\u00fc \u00fczere, ana faaliyet konusu \u00f6zel nitelikli veri i\u015flenmesini gerektiren t\u00fcm i\u015fletmelerin VERB\u0130S\u2019e kay\u0131t olmas\u0131 zorunlu tutulmu\u015ftur. <strong>Bu t\u00fcr i\u015fletmelere \u00f6rnek olarak, \u00f6zel nitelikli say\u0131lan sa\u011fl\u0131k verisi i\u015fleyen, muayenehaneler, poliklinikler, di\u015f hekimi klinikleri, psikolog klinikleri ve diyetisyen klinikleri say\u0131labilecektir.<\/strong> &nbsp;<\/p>\n<p>KVKK kapsam\u0131ndaki y\u00fck\u00fcml\u00fcl\u00fcklerin yerine getirilmesi i\u00e7in VERB\u0130S\u2019e kay\u0131t olunmas\u0131 d\u0131\u015f\u0131nda \u00f6ncelikle i\u015fletme b\u00fcnyesinde bir Ki\u015fisel Veri Dosyas\u0131 olu\u015fturulmal\u0131d\u0131r. Bu Ki\u015fisel Veri Dosyas\u0131\u2019n\u0131n i\u00e7erisinde \u201cKi\u015fisel Veri Envanteri\u201d, \u201cAyd\u0131nlatma Metni\u201d, \u201cA\u00e7\u0131k R\u0131za Metni\u201d, \u201cKurumsal Politikalar\u201d, \u201cBilgi G\u00fcvenli\u011fi Politikas\u0131\u201d, \u201cVeri Saklama ve \u0130mha Politikas\u0131\u201d \u015feklindeki belgeler yer almal\u0131d\u0131r. Ancak bu belgelerin olu\u015fturulmas\u0131 yeterli de\u011fildir. Yukar\u0131da yer alan belgelerin yan\u0131 s\u0131ra, mevcut i\u015f s\u00f6zle\u015fmelerinin d\u00fczenlenmesi, veri sorumlular\u0131 nezdinde veri i\u015fleme faaliyetlerine kat\u0131lan \u00e7al\u0131\u015fanlara gizlilik s\u00f6zle\u015fmesi imzat\u0131lmas\u0131 ve bu \u00e7al\u0131\u015fanlara ki\u015fisel verilerin korunmas\u0131 kanunu hakk\u0131nda d\u00fczenli e\u011fitim verilmesi gerekmektedir. Di\u011fer taraftan risk analizleri yap\u0131larak kriz y\u00f6netimi prosed\u00fcrleri olu\u015fturulmal\u0131d\u0131r. Son olarak ise, verilerin sakland\u0131\u011f\u0131 kay\u0131t ortamlar\u0131n\u0131n fiziksel veya elektronik olmas\u0131na g\u00f6re farkl\u0131 \u00f6nlemler al\u0131nmak zorundad\u0131r.<\/p>\n<p>Di\u011fer bir \u00f6nemli husus ise, \u201c\u00f6zel nitelikli ki\u015fisel veri\u201d i\u015fleyen veri sorumlular\u0131 y\u00f6n\u00fcnden s\u00f6z konusudur. \u00d6zel nitelikli ki\u015fisel veri, \u201c<em>Ki\u015filerin \u0131rk\u0131, etnik k\u00f6keni, siyasi d\u00fc\u015f\u00fcncesi, felsefi inanc\u0131, dini, mezhebi veya di\u011fer inan\u00e7lar\u0131, k\u0131l\u0131k ve k\u0131yafeti, dernek, vak\u0131f ya da sendika \u00fcyeli\u011fi, sa\u011fl\u0131\u011f\u0131, cinsel hayat\u0131, ceza mahk\u00fbmiyeti ve g\u00fcvenlik tedbirleriyle ilgili verileri ile biyometrik ve genetik verileri \u00f6zel nitelikli ki\u015fisel veridir<\/em>\u201d \u015feklinde ifade edilmi\u015ftir. Bu h\u00fck\u00fcmde say\u0131lan \u00f6zel nitelikli ki\u015fisel verileri i\u015fleyen veri sorumlular\u0131n\u0131n 31 Mart 2021 tarihine kadar VERB\u0130S\u2019e kay\u0131t olmas\u0131 zorunlulu\u011funun yan\u0131 s\u0131ra, \u00f6zel nitelikli verilere g\u00f6sterilen \u00f6nem sebebiyle KVKK uyar\u0131nca ilgili ki\u015finin a\u00e7\u0131k r\u0131zas\u0131 olmaks\u0131z\u0131n bu verilerin i\u015flenmesi yasaklanm\u0131\u015ft\u0131r. Alt\u0131 \u00e7izilmelidir ki, 2018\/10 say\u0131l\u0131 Kurul karar\u0131 ile \u00f6zel nitelikli ki\u015fisel veri i\u015fleyen veri sorumlular\u0131n\u0131n birtak\u0131m \u00f6zel \u00f6nemler almas\u0131 ve belirli \u015fartlara uymas\u0131 zorunlu k\u0131l\u0131nm\u0131\u015ft\u0131r. Bu kararda belirtilen \u00f6nlemler ve \u015fartlar ki\u015fisel veriler i\u00e7in \u00f6ng\u00f6r\u00fclenlerden farkl\u0131 olmasa da Kurul\u2019un KVKK ile paralel olarak \u00f6zel nitelikli ki\u015fisel verilere \u00f6zel \u00f6nem atfetti\u011fi ve bu do\u011frultuda ayn\u0131 i\u015fletme b\u00fcnyesinde \u00f6zel nitelikli veriler i\u00e7in di\u011fer ki\u015fisel verilere nazaran daha etkili ve y\u00fcksek \u00f6nlem al\u0131nmas\u0131n\u0131 zorunlu k\u0131ld\u0131\u011f\u0131 yorumu yap\u0131labilecektir. Bu kapsamda, yukar\u0131da yer alan belgelerin ve uygulamalar\u0131n \u00f6zel nitelikli ki\u015fisel veriler i\u00e7in ayr\u0131ca ve \u00f6zel olarak yap\u0131lmas\u0131 gerekti\u011fi s\u00f6ylenebilecektir.<\/p>\n<p>Bu noktada belirtilmelidir ki, belgeler d\u00fczenlenirken ve ki\u015fisel veriler i\u015flenirken temel ilkelere her zaman riayet edilmelidir. Bu do\u011frultuda bir veri sorumlusu KVKK\u2019dan do\u011fan y\u00fck\u00fcml\u00fcl\u00fcklerini yerine getirirken, \u201cHukuka ve D\u00fcr\u00fcstl\u00fck Kurallar\u0131na Uygun Olma \u0130lkesi\u201d, \u201cDo\u011fru ve Gerekti\u011finde G\u00fcncel Olma \u0130lkesi\u201d, \u201cBelirli, A\u00e7\u0131k ve Me\u015fru Ama\u00e7lar \u0130\u00e7in \u0130\u015flenme \u0130lkesi\u201d, \u201c\u0130\u015flendikleri Ama\u00e7la Ba\u011flant\u0131l\u0131, S\u0131n\u0131rl\u0131 ve \u00d6l\u00e7\u00fcl\u00fc Olma \u0130lkesi\u201d, \u201c\u0130lgili Mevzuatta \u00d6ng\u00f6r\u00fclen veya \u0130\u015flendikleri Ama\u00e7 \u0130\u00e7in Gerekli Olan S\u00fcre Kadar Muhafaza Edilme \u0130lkesi\u201d \u015feklindeki ilkelere tam anlam\u0131yla uymak durumundad\u0131r. \u00d6rne\u011fin, di\u011fer her unsur hukuka uygun olsa da gerekti\u011finden fazla ki\u015fisel veri i\u015flenmesi s\u0131n\u0131rl\u0131 ve \u00f6l\u00e7\u00fcl\u00fc olma ilkesine ayk\u0131r\u0131l\u0131k te\u015fkil edecektir. Di\u011fer bir \u00f6rnek olarak ise, hukuka uygun bir \u015fekilde i\u015flenmi\u015f olsa da bir ki\u015fisel verinin gere\u011finden uzun bir s\u00fcre muhafaza edilmesi yine bir temel ilke ihlali te\u015fkil edecektir.<\/p>\n<p>Bu y\u00fck\u00fcml\u00fcl\u00fcklerin temel ilkelere uygun bir \u015fekilde yerine getirilmesi Ki\u015fisel Verilerin Korunmas\u0131 Kurulu taraf\u0131ndan yap\u0131lacak bir denetime haz\u0131r olunmas\u0131 a\u00e7\u0131s\u0131ndan \u00f6nemlidir. Zira, KVKK\u2019n\u0131n 18.maddesine g\u00f6re (2021 y\u0131l\u0131 i\u00e7in \u00f6ng\u00f6r\u00fclen idari para cezas\u0131 miktarlar\u0131):<\/p>\n<p>\u201c<em>a) 10 uncu maddesinde \u00f6ng\u00f6r\u00fclen ayd\u0131nlatma y\u00fck\u00fcml\u00fcl\u00fc\u011f\u00fcn\u00fc yerine getirmeyenler hakk\u0131nda 9.834 T\u00fcrk liras\u0131ndan 196.686 T\u00fcrk liras\u0131na kadar,<\/em><\/p><p><em style=\"font-size: 16px;\">b) 12 nci maddesinde \u00f6ng\u00f6r\u00fclen veri g\u00fcvenli\u011fine ili\u015fkin y\u00fck\u00fcml\u00fcl\u00fckleri yerine getirmeyenler hakk\u0131nda 29.503 T\u00fcrk liras\u0131ndan 1.966.862 T\u00fcrk liras\u0131na kadar,<\/em><\/p><p><em style=\"font-size: 16px;\">c) 15 inci maddesi uyar\u0131nca Kurul taraf\u0131ndan verilen kararlar\u0131 yerine getirmeyenler hakk\u0131nda 39.337 T\u00fcrk liras\u0131ndan 1.966.862 T\u00fcrk liras\u0131na kadar,<\/em><\/p>\n<p><em>\u00e7) 16 nc\u0131 maddesinde \u00f6ng\u00f6r\u00fclen Veri Sorumlular\u0131 Siciline kay\u0131t ve bildirim y\u00fck\u00fcml\u00fcl\u00fc\u011f\u00fcne ayk\u0131r\u0131 hareket edenler hakk\u0131nda 49.172 T\u00fcrk liras\u0131ndan 1.966.862 T\u00fcrk liras\u0131na kadar, idari para cezas\u0131 verilir.<\/em>\u201d<\/p>\n<p>d\u00fczenlemesi yap\u0131lm\u0131\u015ft\u0131r. Hi\u00e7bir y\u00fck\u00fcml\u00fcl\u00fc\u011f\u00fc yerine getirmeyen veri sorumlular\u0131 i\u00e7in kesilecek para cezas\u0131n\u0131n alt s\u0131n\u0131r\u0131 <strong><u>127.846 T\u00fcrk Liras\u0131 <\/u><\/strong>kadar olup; Ki\u015fisel Verilerin Korunmas\u0131 Kurulu\u2019nun somut olay\u0131n \u00f6zellikleri do\u011frultusunda daha y\u00fcksek bir ceza kesme ihtimali de s\u00f6z konusudur.<\/p>\n<p>Alt\u0131 \u00e7izilmelidir ki, KVKK hangi \u015fekilde olursa olsun ki\u015fisel veri i\u015fleyen b\u00fct\u00fcn ger\u00e7ek ve t\u00fczel ki\u015fileri kapsam\u0131na almaktad\u0131r. Her ne kadar niteli\u011fi belirtilmi\u015f veri sorumlular\u0131 a\u00e7\u0131s\u0131ndan VERB\u0130S\u2019e kay\u0131t olma y\u00fck\u00fcml\u00fcl\u00fc\u011f\u00fcn\u00fcn son tarihi yakla\u015fsa da di\u011fer y\u00fck\u00fcml\u00fcl\u00fckler her zaman i\u00e7in s\u00f6z konusudur. Bu sebeple KVKK kapsam\u0131ndaki b\u00fct\u00fcn ger\u00e7ek ve t\u00fczel ki\u015filerin i\u015fletmelerini KVKK\u2019ya uyumlu hale getirmesi b\u00fcy\u00fck \u00f6nem ta\u015f\u0131maktad\u0131r. Aksi takdirde, ki\u015fisel verisi i\u015flenen ki\u015filerin tazminat talepleriyle ve Ki\u015fisel Verilerin Korunmas\u0131 Kurulu\u2019nun idari para cezalar\u0131yla kar\u015f\u0131la\u015f\u0131lacak, i\u015fletmeler a\u00e7\u0131s\u0131ndan b\u00fcy\u00fck zararlar do\u011facakt\u0131r.<\/p>\t\t\t\t\t\t\t\t<\/div>\n\t\t\t\t<\/div>\n\t\t\t\t\t<\/div>\n\t\t<\/div>\n\t\t\t\t\t<\/div>\n\t\t<\/section>\n\t\t\t\t<\/div>","protected":false},"excerpt":{"rendered":"<p>6698 say\u0131l\u0131 Ki\u015fisel Verilerin Korunmas\u0131 Kanunu (KVKK) ile birlikte faaliyetleri sebebiyle ki\u015fisel veri i\u015fleyen kimseler \u201cveri sorumlusu\u201d olarak adland\u0131r\u0131l\u0131rken, ki\u015fisel veri \u201ckimli\u011fi belirli veya belirlenebilir ger\u00e7ek ki\u015fiye ili\u015fkin her t\u00fcrl\u00fc bilgi\u201d olarak ifade edilmi\u015ftir. KVKK ki\u015fisel verisi i\u015flenen ki\u015filere (ilgili ki\u015fi) \u00e7e\u015fitli haklar tan\u0131maktad\u0131r ve veri sorumlular\u0131na da birtak\u0131m y\u00fck\u00fcml\u00fcl\u00fckler getirmektedir. Bu do\u011frultuda veri sorumlular\u0131 [&hellip;]<\/p>\n","protected":false},"author":1,"featured_media":0,"comment_status":"closed","ping_status":"closed","sticky":false,"template":"","format":"standard","meta":{"site-sidebar-layout":"default","site-content-layout":"default","ast-site-content-layout":"default","site-content-style":"default","site-sidebar-style":"default","ast-global-header-display":"","ast-banner-title-visibility":"","ast-main-header-display":"","ast-hfb-above-header-display":"","ast-hfb-below-header-display":"","ast-hfb-mobile-header-display":"","site-post-title":"","ast-breadcrumbs-content":"","ast-featured-img":"","footer-sml-layout":"","ast-disable-related-posts":"","theme-transparent-header-meta":"default","adv-header-id-meta":"","stick-header-meta":"","header-above-stick-meta":"","header-main-stick-meta":"","header-below-stick-meta":"","astra-migrate-meta-layouts":"default","ast-page-background-enabled":"default","ast-page-background-meta":{"desktop":{"background-color":"","background-image":"","background-repeat":"repeat","background-position":"center center","background-size":"auto","background-attachment":"scroll","background-type":"","background-media":"","overlay-type":"","overlay-color":"","overlay-opacity":"","overlay-gradient":""},"tablet":{"background-color":"","background-image":"","background-repeat":"repeat","background-position":"center center","background-size":"auto","background-attachment":"scroll","background-type":"","background-media":"","overlay-type":"","overlay-color":"","overlay-opacity":"","overlay-gradient":""},"mobile":{"background-color":"","background-image":"","background-repeat":"repeat","background-position":"center center","background-size":"auto","background-attachment":"scroll","background-type":"","background-media":"","overlay-type":"","overlay-color":"","overlay-opacity":"","overlay-gradient":""}},"ast-content-background-meta":{"desktop":{"background-color":"var(--ast-global-color-5)","background-image":"","background-repeat":"repeat","background-position":"center center","background-size":"auto","background-attachment":"scroll","background-type":"","background-media":"","overlay-type":"","overlay-color":"","overlay-opacity":"","overlay-gradient":""},"tablet":{"background-color":"var(--ast-global-color-5)","background-image":"","background-repeat":"repeat","background-position":"center center","background-size":"auto","background-attachment":"scroll","background-type":"","background-media":"","overlay-type":"","overlay-color":"","overlay-opacity":"","overlay-gradient":""},"mobile":{"background-color":"var(--ast-global-color-5)","background-image":"","background-repeat":"repeat","background-position":"center center","background-size":"auto","background-attachment":"scroll","background-type":"","background-media":"","overlay-type":"","overlay-color":"","overlay-opacity":"","overlay-gradient":""}},"footnotes":""},"categories":[6],"tags":[],"class_list":["post-1397","post","type-post","status-publish","format-standard","hentry","category-bilisim-hukuku"],"_links":{"self":[{"href":"https:\/\/kokvekok.com\/en\/wp-json\/wp\/v2\/posts\/1397","targetHints":{"allow":["GET"]}}],"collection":[{"href":"https:\/\/kokvekok.com\/en\/wp-json\/wp\/v2\/posts"}],"about":[{"href":"https:\/\/kokvekok.com\/en\/wp-json\/wp\/v2\/types\/post"}],"author":[{"embeddable":true,"href":"https:\/\/kokvekok.com\/en\/wp-json\/wp\/v2\/users\/1"}],"replies":[{"embeddable":true,"href":"https:\/\/kokvekok.com\/en\/wp-json\/wp\/v2\/comments?post=1397"}],"version-history":[{"count":4,"href":"https:\/\/kokvekok.com\/en\/wp-json\/wp\/v2\/posts\/1397\/revisions"}],"predecessor-version":[{"id":1401,"href":"https:\/\/kokvekok.com\/en\/wp-json\/wp\/v2\/posts\/1397\/revisions\/1401"}],"wp:attachment":[{"href":"https:\/\/kokvekok.com\/en\/wp-json\/wp\/v2\/media?parent=1397"}],"wp:term":[{"taxonomy":"category","embeddable":true,"href":"https:\/\/kokvekok.com\/en\/wp-json\/wp\/v2\/categories?post=1397"},{"taxonomy":"post_tag","embeddable":true,"href":"https:\/\/kokvekok.com\/en\/wp-json\/wp\/v2\/tags?post=1397"}],"curies":[{"name":"wp","href":"https:\/\/api.w.org\/{rel}","templated":true}]}}