{"id":1141,"date":"2020-07-14T11:11:47","date_gmt":"2020-07-14T08:11:47","guid":{"rendered":"https:\/\/kokvekok.com\/?p=1141"},"modified":"2020-07-14T11:22:33","modified_gmt":"2020-07-14T08:22:33","slug":"kvkk-uygulamasinda-aydinlatma-yukumlulugu","status":"publish","type":"post","link":"https:\/\/kokvekok.com\/en\/kvkk-uygulamasinda-aydinlatma-yukumlulugu\/","title":{"rendered":"KVKK Uygulamas\u0131nda Ayd\u0131nlatma Y\u00fck\u00fcml\u00fcl\u00fc\u011f\u00fc"},"content":{"rendered":"<div data-elementor-type=\"wp-post\" data-elementor-id=\"1141\" class=\"elementor elementor-1141\">\n\t\t\t\t\t\t<section class=\"elementor-section elementor-top-section elementor-element elementor-element-09ea8ec elementor-section-boxed elementor-section-height-default elementor-section-height-default\" data-id=\"09ea8ec\" data-element_type=\"section\" data-e-type=\"section\">\n\t\t\t\t\t\t<div class=\"elementor-container elementor-column-gap-default\">\n\t\t\t\t\t<div class=\"elementor-column elementor-col-100 elementor-top-column elementor-element elementor-element-21bc678\" data-id=\"21bc678\" data-element_type=\"column\" data-e-type=\"column\">\n\t\t\t<div class=\"elementor-widget-wrap elementor-element-populated\">\n\t\t\t\t\t\t<div class=\"elementor-element elementor-element-9afbcf6 elementor-widget elementor-widget-text-editor\" data-id=\"9afbcf6\" data-element_type=\"widget\" data-e-type=\"widget\" data-widget_type=\"text-editor.default\">\n\t\t\t\t<div class=\"elementor-widget-container\">\n\t\t\t\t\t\t\t\t\t<p>Ki\u015fisel Verilerin Korunmas\u0131 Kanunu (KVKK) kapsam\u0131nda faaliyetleri sebebiyle ki\u015fisel veri i\u015fleyen kimseler \u201cveri sorumlusu\u201d olarak adland\u0131r\u0131lmaktad\u0131r. KVKK veri sorumlular\u0131 i\u00e7in \u201cVERB\u0130S\u2019e kay\u0131t olmak\u201d, \u201cKi\u015fisel Verilerin Korunmas\u0131 Kurulu kararlar\u0131na uymak\u201d, \u201cVeri g\u00fcvenli\u011fini sa\u011flamak\u201d ve \u201cAyd\u0131nlatma y\u00fck\u00fcml\u00fcl\u00fc\u011f\u00fc\u201d \u015feklinde y\u00fck\u00fcml\u00fcl\u00fckler \u00f6ng\u00f6rm\u00fc\u015ft\u00fcr. Bu yaz\u0131m\u0131zda, veri sorumlular\u0131 a\u00e7\u0131s\u0131ndan hukuka uygun veri i\u015flemenin olmazsa olmaz bir \u015fart olan Ayd\u0131nlatma Y\u00fck\u00fcml\u00fcl\u00fc\u011f\u00fc\u2019n\u00fcn nas\u0131l yerine getirilece\u011fi ele al\u0131nacakt\u0131r.<\/p>\n<p>Ayd\u0131nlatma Y\u00fck\u00fcml\u00fcl\u00fc\u011f\u00fc esas olarak KVKK\u2019n\u0131n 10.maddesinde d\u00fczenlenmekle birlikte, ilgili maddenin uygulama detaylar\u0131n\u0131 g\u00f6steren \u201cAyd\u0131nlatma Y\u00fck\u00fcml\u00fcl\u00fc\u011f\u00fcn\u00fcn Yerine Getirilmesinde Uyulacak Usul ve Esaslar Hakk\u0131nda Tebli\u011f\u201d de \u00f6nemli bir kaynakt\u0131r. Di\u011fer taraftan 26 Haziran 2020 tarihinde Kurul taraf\u0131ndan yay\u0131nlanan \u201cAyd\u0131nlatma Y\u00fck\u00fcml\u00fcl\u00fc\u011f\u00fcn\u00fcn Yerine Getirilmesi Hakk\u0131nda Kamuoyu Duyurusu\u201d da veri sorumlular\u0131 a\u00e7\u0131s\u0131ndan yol g\u00f6stericidir. Bu Kamuoyu Duyurusu\u2019nda Kurul, veri sorumlular\u0131n\u0131n Ayd\u0131ntlatma Y\u00fck\u00fcml\u00fcl\u00fc\u011f\u00fc\u2019n\u00fc yerine getirirken, Kanun ve Tebli\u011f\u2019in yan\u0131 s\u0131ra Kurum internet sayfas\u0131nda yay\u0131nlanan Kurul kararlar\u0131n\u0131 ve Ayd\u0131nlatma Y\u00fck\u00fcml\u00fcl\u00fc\u011f\u00fcn\u00fcn Yerine Getirilmesi Rehberi\u2019ni de esas almalar\u0131 belirtilmi\u015ftir.<\/p>\n<p>Bu do\u011frultuda, KVKK\u2019n\u0131n 10.maddesinde Ayd\u0131ntlatma Y\u00fck\u00fcml\u00fcl\u00fc\u011f\u00fc\u2019n\u00fcn \u201c<em>a) Veri sorumlusunun ve varsa temsilcisinin kimli\u011fi, b) Ki\u015fisel verilerin hangi ama\u00e7la i\u015flenece\u011fi, c) \u0130\u015flenen ki\u015fisel verilerin kimlere ve hangi ama\u00e7la aktar\u0131labilece\u011fi, \u00e7) Ki\u015fisel veri toplaman\u0131n y\u00f6ntemi ve hukuki sebebi, d) 11 inci maddede say\u0131lan di\u011fer haklar\u0131<\/em>\u201d hususlar\u0131nda ilgili ki\u015filere bilgi verilmesiyle yerine getirilece\u011fini d\u00fczenlemi\u015ftir. Bu madde her ne kadar ele al\u0131n\u0131\u015f bi\u00e7imi bak\u0131m\u0131ndan basit g\u00f6r\u00fcnse de Tebli\u011f ile bir\u00e7ok usul ve esas belirlenmi\u015ftir. Bu usul ve esaslar\u0131n kolay kavranmas\u0131 ad\u0131na ba\u015fl\u0131klar halinde ele al\u0131nmas\u0131nda yarar bulunmaktad\u0131r.<\/p>\n<p><strong style=\"font-size: 16px;\">Ayd\u0131nlatma Y\u00fck\u00fcml\u00fcl\u00fc\u011f\u00fcn\u00fcn Yerine Getirilmesinde \u015eekil \u015eart\u0131<\/strong><\/p>\n<p>Tebli\u011f uyar\u0131nca Ayd\u0131nlatma Y\u00fck\u00fcml\u00fcl\u00fc\u011f\u00fc s\u00f6zl\u00fc, yaz\u0131l\u0131, ses kayd\u0131, \u00e7a\u011fr\u0131 merkezi gibi fiziksel veya elektronik ortamlar kullan\u0131larak al\u0131nabilir. Bu noktada herhangi bir \u015fekil \u015fart\u0131 bulunmuyormu\u015f gibi g\u00f6z\u00fckse de Ayd\u0131nlatma Y\u00fck\u00fcml\u00fcl\u00fc\u011f\u00fc\u2019n\u00fcn yerine getirildi\u011finin ispat\u0131 veri sorumlusu \u00fczerinde oldu\u011fundan, en g\u00fcvenli yolun ilgili ki\u015finin imzas\u0131n\u0131 ta\u015f\u0131yan yaz\u0131l\u0131 \u015fekil oldu\u011fu a\u00e7\u0131k\u00e7a ortadad\u0131r. Ancak bunun m\u00fcmk\u00fcn olmad\u0131\u011f\u0131 i\u015f hacmi geni\u015f olan \u015firketler a\u00e7\u0131s\u0131ndan ilgili ki\u015finin r\u0131zas\u0131 dahilinde ses kayd\u0131 al\u0131narak ayd\u0131nlatma metninin a\u00e7\u0131k\u00e7a anla\u015f\u0131ld\u0131\u011f\u0131 beyan\u0131n\u0131n al\u0131nmas\u0131 y\u00f6ntemi yararl\u0131 olacakt\u0131r. Herhangi bir \u015fekil \u015fart\u0131 \u00f6ng\u00f6r\u00fclmedi\u011finden ayd\u0131nlatma metninin e-posta ile ilgili ki\u015fiye iletilmesi suretiyle ayd\u0131nlatma metninin a\u00e7\u0131k\u00e7a anla\u015f\u0131ld\u0131\u011f\u0131 y\u00f6n\u00fcndeki bir teyit e-postas\u0131 g\u00f6nderilmesinin talep edilmesi de ispat a\u00e7\u0131s\u0131ndan yararl\u0131 olabilecektir.<\/p>\n<p>Alt\u0131 \u00e7izilmelidir ki, Ayd\u0131nlatma Y\u00fck\u00fcml\u00fcl\u00fc\u011f\u00fc hangi \u015fekilde yerine getirilirse getirilsin, anla\u015f\u0131l\u0131r, a\u00e7\u0131k ve sade bir dil kullan\u0131lmas\u0131 gerekmektedir. Buna ek olarak, eksik, yan\u0131lt\u0131c\u0131 ve yanl\u0131\u015f bilgelere yer verilmemeli; belirsizlik yaratan ucu a\u00e7\u0131k ifadelerden ka\u00e7\u0131n\u0131lmal\u0131d\u0131r. Bu kapsamda, ayd\u0131nlatma metnine eri\u015fimin kolay olmamas\u0131, hizmetin sunulmas\u0131n\u0131n ayd\u0131nlatma metninin onaylanmas\u0131 \u015fart\u0131na ba\u011flanmas\u0131 veya ayd\u0131nlatma metni ile birlikte a\u00e7\u0131k r\u0131zan\u0131n al\u0131nmas\u0131 Kurul taraf\u0131ndan ihlal olarak nitelendirilmektedir.<\/p>\n<p><strong style=\"font-size: 16px;\">Ayd\u0131nlatma Y\u00fck\u00fcml\u00fcl\u00fc\u011f\u00fcn\u00fcn Yerine Getirilmesinde Uyulmas\u0131 Gereken Esaslar<\/strong><\/p>\n<p>Ayd\u0131nlatma Y\u00fck\u00fcml\u00fcl\u00fc\u011f\u00fc\u2019n\u00fcn mevzuata uygun bir \u015fekilde yerine getirilmesi i\u00e7in yukar\u0131da say\u0131lan be\u015f ba\u015fl\u0131k alt\u0131nda bilgi verilmesi gerekmektedir. Bu ba\u015fl\u0131klar kapsam\u0131nda nas\u0131l bilgi verilmesi gerekti\u011fi a\u015fa\u011f\u0131da ele al\u0131nacakt\u0131r:<\/p>\n<ul>\n<li>Veri sorumlusunun ve varsa temsilcisinin kimli\u011fi:<\/li>\n<\/ul>\n<p>Veri sorumlusunun ve varsa temsilcisinin kimli\u011finin eksiksiz bir \u015fekilde verilmi\u015f olmas\u0131 \u00f6nem arz etmektedir. Zira, ki\u015fisel verilerin hangi hukuki sebeplerle ve ama\u00e7larla i\u015flenebilece\u011fi veri sorumlusunun konumuna g\u00f6re \u015fekillenecektir. Ayr\u0131ca, ilgili ki\u015fi veri sorumlusuna kar\u015f\u0131 KVKK\u2019dan kaynaklanan haklar\u0131n\u0131 kullanmak istedi\u011finde yapaca\u011f\u0131 ilk ba\u015fvuru veri sorumlusuna olaca\u011f\u0131ndan bu bilgilerin tam olarak sunulmu\u015f olmas\u0131 mevzuata uygunluk bak\u0131m\u0131ndan \u00f6nemlidir.<\/p>\n<ul>\n<li>Ki\u015fisel verilerin hangi ama\u00e7la i\u015flenebilece\u011fi:<\/li>\n<\/ul>\n<p>Ki\u015fisel verilerin hangi ama\u00e7la i\u015flenebilece\u011fi veri sorumlusuna b\u0131rak\u0131lm\u0131\u015f durumdad\u0131r. Ancak Tebli\u011f\u2019de bu hususa ili\u015fkin \u015fartlar belirtilmi\u015f durumdad\u0131r. Buna g\u00f6re, ama\u00e7 belirli, a\u00e7\u0131k ve me\u015fru olmal\u0131d\u0131r. Genel nitelikli ve mu\u011flak ifadelerden ka\u00e7\u0131n\u0131lmal\u0131, ki\u015fisel verilerin ileride ortaya \u00e7\u0131kabilecek ama\u00e7lar i\u00e7in i\u015flenebilece\u011fi \u015feklinde ucu a\u00e7\u0131k ifadelere yer verilmemelidir. Anla\u015f\u0131ld\u0131\u011f\u0131 \u00fczere, veri sorumlular\u0131 taraf\u0131ndan ama\u00e7lar\u0131n tek tek g\u00f6sterilmesi ve ger\u00e7ek olmas\u0131 gerekmektedir. Unutulmamal\u0131d\u0131r ki, veri sorumlusu taraf\u0131ndan belirlenecek her bir amac\u0131n KVKK kapsam\u0131nda d\u00fczenlenmi\u015f bir hukuki sebebe dayanmas\u0131 \u015fartt\u0131r. Aksi takdirde, Ayd\u0131nlatma Y\u00fck\u00fcml\u00fcl\u00fc\u011f\u00fc\u2019n\u00fcn hukuka uygun bir \u015fekilde yerine getirilmesi m\u00fcmk\u00fcn olmayacakt\u0131r.<\/p>\n<ul>\n<li>Ki\u015fisel veri toplaman\u0131n hukuki sebebi:<\/li>\n<\/ul>\n<p>Tebli\u011f\u2019e g\u00f6re \u201chukuki sebep\u201d ile ifade edilmek istenilen husus, ki\u015fisel verilerin KVKK\u2019n\u0131n 5. ve 6. maddelerinde belirtilen i\u015fleme \u015fartlar\u0131ndan hangisine dayan\u0131larak i\u015flendi\u011fidir. Hukuki sebebin de a\u00e7\u0131k ve belirli bir \u015fekilde ortaya konulmas\u0131 gerekmektedir. Kurul\u2019un Kamuoyu Duyurusu\u2019nda belirtti\u011fi \u00fczere ama\u00e7 ve hukuki sebep kavramlar\u0131 birbirinin yerine kullan\u0131lmakla beraber veri sorumlular\u0131 hukuki sebepleri g\u00f6stermekle yetinmektedir. Bu uygulama KVKK\u2019ya ayk\u0131r\u0131d\u0131r; zira, hukuki sebebin g\u00f6sterilmesinden kas\u0131t bunun i\u015flenecek ki\u015fisel veri ile ba\u011fda\u015ft\u0131r\u0131lmas\u0131d\u0131r. Bu sebeple veri sorumlular\u0131n\u0131n hangi verileri, hangi ama\u00e7la ve hangi hukuki sebebe dayanarak i\u015fleyece\u011fini bilmesi olduk\u00e7a \u00f6nemlidir. B\u00fct\u00fcn bu hususlar\u0131n tek tek belirtilmesinin Ayd\u0131nlatma Y\u00fck\u00fcml\u00fcl\u00fc\u011f\u00fc\u2019n\u00fcn hukuka uygun bir \u015fekilde yerine getirilmesinde \u00f6nemli oldu\u011fu Kurul kaynaklar\u0131ndan anla\u015f\u0131lmaktad\u0131r.<\/p>\n<ul>\n<li>Ki\u015fisel veri toplaman\u0131n y\u00f6ntemi:<\/li>\n<\/ul>\n<p>KVKK bu verileri tamamen veya k\u0131smen otomatik olan ya da herhangi bir veri kay\u0131t sisteminin par\u00e7as\u0131 olmak kayd\u0131yla otomatik olmayan yollarla i\u015fleyen ger\u00e7ek ve t\u00fczel ki\u015filer hakk\u0131nda uygulanmaktad\u0131r. Tebli\u011f uyar\u0131nca da ki\u015fisel verilerin bu y\u00f6ntemlerden hangisiyle elde edildi\u011fi a\u00e7\u0131k bir \u015fekilde belirtilmelidir. Bu noktada \u00f6nemli olan husus ki\u015fisel verilerin elde edilmesinde kullan\u0131lacak y\u00f6ntemlerin hepsini yazmak de\u011fildir. Veri sorumlular\u0131 hangi y\u00f6ntemle ki\u015fisel veri elde ediyorsa yaln\u0131zca bunu ayd\u0131nlatma metninde ortaya koymal\u0131d\u0131r. Zira, kullan\u0131lmayan y\u00f6ntemlerin yaz\u0131lmas\u0131 ayd\u0131nlatma metninin mu\u011flak olmas\u0131na yol a\u00e7acak ve bu \u015fekilde hukuka ayk\u0131r\u0131l\u0131k s\u00f6z konusu olacakt\u0131r.<\/p>\n<ul>\n<li>\u0130\u015flenen ki\u015fisel verilerin kimlere ve hangi ama\u00e7la aktar\u0131labilece\u011fi:<\/li>\n<\/ul>\n<p>Ki\u015fisel verilerin elde edilmesinde oldu\u011fu gibi aktar\u0131lma konusunda da ama\u00e7 ve hukuki sebebin g\u00f6sterilmesi gerekmektedir. Bu nedenle ama\u00e7 ve hukuki sebebe ili\u015fkin yukar\u0131da de\u011finilen noktalar bu altba\u015fl\u0131k i\u00e7in de ge\u00e7erlidir. Ancak burada farkl\u0131 olarak i\u015flenen ki\u015fisel verilerin kimlere aktar\u0131ld\u0131\u011f\u0131 belirtilmelidir. Bu do\u011frultuda, KVKK\u2019n\u0131n genel mant\u0131\u011f\u0131 \u00e7er\u00e7evesinde ki\u015fisel verilerin kimlere aktar\u0131ld\u0131\u011f\u0131 da tek tek ve a\u00e7\u0131k bir \u015fekilde ortaya konulmal\u0131d\u0131r. Yukar\u0131da ele ald\u0131\u011f\u0131m\u0131z \u00fczere, ki\u015fisel verilerin aktar\u0131ld\u0131\u011f\u0131 ki\u015filerinin ucunun a\u00e7\u0131k b\u0131rak\u0131lmas\u0131 hukuka ayk\u0131r\u0131l\u0131k do\u011fmas\u0131na neden olacakt\u0131r.<\/p>\n<ul>\n<li>11.maddede say\u0131lan haklar:<\/li>\n<\/ul>\n<p>11.maddede say\u0131lan haklar \u201c<em>a) Ki\u015fisel veri i\u015flenip i\u015flenmedi\u011fini \u00f6\u011frenme, b) Ki\u015fisel verileri i\u015flenmi\u015fse buna ili\u015fkin bilgi talep etme, c) Ki\u015fisel verilerin i\u015flenme amac\u0131n\u0131 ve bunlar\u0131n amac\u0131na uygun kullan\u0131l\u0131p kullan\u0131lmad\u0131\u011f\u0131n\u0131 \u00f6\u011frenme, \u00e7) Yurt i\u00e7inde veya yurt d\u0131\u015f\u0131nda ki\u015fisel verilerin aktar\u0131ld\u0131\u011f\u0131 \u00fc\u00e7\u00fcnc\u00fc ki\u015fileri bilme, d) Ki\u015fisel verilerin eksik veya yanl\u0131\u015f i\u015flenmi\u015f olmas\u0131 h\u00e2linde bunlar\u0131n d\u00fczeltilmesini isteme, e) 7 nci maddede \u00f6ng\u00f6r\u00fclen \u015fartlar \u00e7er\u00e7evesinde ki\u015fisel verilerin silinmesini veya yok edilmesini isteme, f) (d) ve (e) bentleri uyar\u0131nca yap\u0131lan i\u015flemlerin, ki\u015fisel verilerin aktar\u0131ld\u0131\u011f\u0131 \u00fc\u00e7\u00fcnc\u00fc ki\u015filere bildirilmesini isteme, g) \u0130\u015flenen verilerin m\u00fcnhas\u0131ran otomatik sistemler vas\u0131tas\u0131yla analiz edilmesi suretiyle ki\u015finin kendisi aleyhine bir sonucun ortaya \u00e7\u0131kmas\u0131na itiraz etme, \u011f) Ki\u015fisel verilerin kanuna ayk\u0131r\u0131 olarak i\u015flenmesi sebebiyle zarara u\u011framas\u0131 h\u00e2linde zarar\u0131n giderilmesini talep etme<\/em>\u201d \u015feklindedir.<\/p>\n<p>Bu haklara ayd\u0131nlatma metninde yer verilmesi yeterli de\u011fildir. Kurul kaynaklar\u0131 uyar\u0131nca ilgili ki\u015finin veri sorumlusuna nas\u0131l ba\u015fvurabilece\u011fi a\u00e7\u0131k bir \u015fekilde belirtilmelidir. \u015e\u00f6yle ki, ba\u015fvurunun hangi adrese ve nas\u0131l yap\u0131laca\u011f\u0131, ka\u00e7 g\u00fcn i\u00e7inde sonu\u00e7land\u0131r\u0131laca\u011f\u0131, hangi durumda \u00fccret talep edilebilece\u011fi hususlar\u0131n\u0131n yaz\u0131lmas\u0131 gerekmektedir.<\/p>\n<p><strong>Sonu\u00e7<\/strong><\/p>\n<p>Ayd\u0131nlatma Y\u00fck\u00fcml\u00fcl\u00fc\u011f\u00fc veri sorumlular\u0131 a\u00e7\u0131s\u0131ndan hukuka uygun veri i\u015flenmesinde olmazsa olmaz bir y\u00fck\u00fcml\u00fcl\u00fck iken, verisi i\u015flenen ger\u00e7ek ki\u015filer bak\u0131m\u0131ndan ise bir hakt\u0131r. Bu kapsamda, i\u015flenen her bir ki\u015fisel veri i\u00e7in Ayd\u0131nlatma Y\u00fck\u00fcml\u00fcl\u00fc\u011f\u00fc\u2019n\u00fcn yerine getirilmesi esast\u0131r. Kurul da bu y\u00fck\u00fcml\u00fcl\u00fc\u011f\u00fc fazlas\u0131yla \u00f6nemsedi\u011fini yukar\u0131da bahsedilen kaynaklar kapsam\u0131nda g\u00f6stermi\u015f durumdad\u0131r. Bu sebeple veri sorumlular\u0131n\u0131n Ayd\u0131nlatma Y\u00fck\u00fcml\u00fcl\u00fcklerini hukuka uygun bir \u015fekilde yerine getirmesinde i\u015fbu yaz\u0131m\u0131zda ele ald\u0131\u011f\u0131m\u0131z \u015fekil \u015fartlar\u0131na ve esaslara uymalar\u0131 b\u00fcy\u00fck \u00f6nem arz etmektedir.<\/p>\t\t\t\t\t\t\t\t<\/div>\n\t\t\t\t<\/div>\n\t\t\t\t\t<\/div>\n\t\t<\/div>\n\t\t\t\t\t<\/div>\n\t\t<\/section>\n\t\t\t\t<\/div>","protected":false},"excerpt":{"rendered":"<p>Ki\u015fisel Verilerin Korunmas\u0131 Kanunu (KVKK) kapsam\u0131nda faaliyetleri sebebiyle ki\u015fisel veri i\u015fleyen kimseler \u201cveri sorumlusu\u201d olarak adland\u0131r\u0131lmaktad\u0131r. KVKK veri sorumlular\u0131 i\u00e7in \u201cVERB\u0130S\u2019e kay\u0131t olmak\u201d, \u201cKi\u015fisel Verilerin Korunmas\u0131 Kurulu kararlar\u0131na uymak\u201d, \u201cVeri g\u00fcvenli\u011fini sa\u011flamak\u201d ve \u201cAyd\u0131nlatma y\u00fck\u00fcml\u00fcl\u00fc\u011f\u00fc\u201d \u015feklinde y\u00fck\u00fcml\u00fcl\u00fckler \u00f6ng\u00f6rm\u00fc\u015ft\u00fcr. Bu yaz\u0131m\u0131zda, veri sorumlular\u0131 a\u00e7\u0131s\u0131ndan hukuka uygun veri i\u015flemenin olmazsa olmaz bir \u015fart olan Ayd\u0131nlatma Y\u00fck\u00fcml\u00fcl\u00fc\u011f\u00fc\u2019n\u00fcn nas\u0131l [&hellip;]<\/p>\n","protected":false},"author":1,"featured_media":0,"comment_status":"closed","ping_status":"closed","sticky":false,"template":"","format":"standard","meta":{"site-sidebar-layout":"default","site-content-layout":"default","ast-site-content-layout":"default","site-content-style":"default","site-sidebar-style":"default","ast-global-header-display":"","ast-banner-title-visibility":"","ast-main-header-display":"","ast-hfb-above-header-display":"","ast-hfb-below-header-display":"","ast-hfb-mobile-header-display":"","site-post-title":"","ast-breadcrumbs-content":"","ast-featured-img":"","footer-sml-layout":"","ast-disable-related-posts":"","theme-transparent-header-meta":"default","adv-header-id-meta":"","stick-header-meta":"","header-above-stick-meta":"","header-main-stick-meta":"","header-below-stick-meta":"","astra-migrate-meta-layouts":"default","ast-page-background-enabled":"default","ast-page-background-meta":{"desktop":{"background-color":"","background-image":"","background-repeat":"repeat","background-position":"center center","background-size":"auto","background-attachment":"scroll","background-type":"","background-media":"","overlay-type":"","overlay-color":"","overlay-opacity":"","overlay-gradient":""},"tablet":{"background-color":"","background-image":"","background-repeat":"repeat","background-position":"center center","background-size":"auto","background-attachment":"scroll","background-type":"","background-media":"","overlay-type":"","overlay-color":"","overlay-opacity":"","overlay-gradient":""},"mobile":{"background-color":"","background-image":"","background-repeat":"repeat","background-position":"center center","background-size":"auto","background-attachment":"scroll","background-type":"","background-media":"","overlay-type":"","overlay-color":"","overlay-opacity":"","overlay-gradient":""}},"ast-content-background-meta":{"desktop":{"background-color":"var(--ast-global-color-5)","background-image":"","background-repeat":"repeat","background-position":"center center","background-size":"auto","background-attachment":"scroll","background-type":"","background-media":"","overlay-type":"","overlay-color":"","overlay-opacity":"","overlay-gradient":""},"tablet":{"background-color":"var(--ast-global-color-5)","background-image":"","background-repeat":"repeat","background-position":"center center","background-size":"auto","background-attachment":"scroll","background-type":"","background-media":"","overlay-type":"","overlay-color":"","overlay-opacity":"","overlay-gradient":""},"mobile":{"background-color":"var(--ast-global-color-5)","background-image":"","background-repeat":"repeat","background-position":"center center","background-size":"auto","background-attachment":"scroll","background-type":"","background-media":"","overlay-type":"","overlay-color":"","overlay-opacity":"","overlay-gradient":""}},"footnotes":""},"categories":[6],"tags":[],"class_list":["post-1141","post","type-post","status-publish","format-standard","hentry","category-bilisim-hukuku"],"_links":{"self":[{"href":"https:\/\/kokvekok.com\/en\/wp-json\/wp\/v2\/posts\/1141","targetHints":{"allow":["GET"]}}],"collection":[{"href":"https:\/\/kokvekok.com\/en\/wp-json\/wp\/v2\/posts"}],"about":[{"href":"https:\/\/kokvekok.com\/en\/wp-json\/wp\/v2\/types\/post"}],"author":[{"embeddable":true,"href":"https:\/\/kokvekok.com\/en\/wp-json\/wp\/v2\/users\/1"}],"replies":[{"embeddable":true,"href":"https:\/\/kokvekok.com\/en\/wp-json\/wp\/v2\/comments?post=1141"}],"version-history":[{"count":5,"href":"https:\/\/kokvekok.com\/en\/wp-json\/wp\/v2\/posts\/1141\/revisions"}],"predecessor-version":[{"id":1147,"href":"https:\/\/kokvekok.com\/en\/wp-json\/wp\/v2\/posts\/1141\/revisions\/1147"}],"wp:attachment":[{"href":"https:\/\/kokvekok.com\/en\/wp-json\/wp\/v2\/media?parent=1141"}],"wp:term":[{"taxonomy":"category","embeddable":true,"href":"https:\/\/kokvekok.com\/en\/wp-json\/wp\/v2\/categories?post=1141"},{"taxonomy":"post_tag","embeddable":true,"href":"https:\/\/kokvekok.com\/en\/wp-json\/wp\/v2\/tags?post=1141"}],"curies":[{"name":"wp","href":"https:\/\/api.w.org\/{rel}","templated":true}]}}