{"id":1105,"date":"2020-06-10T12:10:54","date_gmt":"2020-06-10T09:10:54","guid":{"rendered":"https:\/\/kokvekok.com\/?p=1105"},"modified":"2020-06-10T13:05:27","modified_gmt":"2020-06-10T10:05:27","slug":"sozlesme-yerine-gecen-proforma-fatura-uygulamasi","status":"publish","type":"post","link":"https:\/\/kokvekok.com\/en\/sozlesme-yerine-gecen-proforma-fatura-uygulamasi\/","title":{"rendered":"S\u00f6zle\u015fme Yerine Ge\u00e7en Proforma Fatura Uygulamas\u0131"},"content":{"rendered":"<div data-elementor-type=\"wp-post\" data-elementor-id=\"1105\" class=\"elementor elementor-1105\">\n\t\t\t\t\t\t<section class=\"elementor-section elementor-top-section elementor-element elementor-element-388cf866 elementor-section-boxed elementor-section-height-default elementor-section-height-default\" data-id=\"388cf866\" data-element_type=\"section\" data-e-type=\"section\">\n\t\t\t\t\t\t<div class=\"elementor-container elementor-column-gap-default\">\n\t\t\t\t\t<div class=\"elementor-column elementor-col-100 elementor-top-column elementor-element elementor-element-6702ce93\" data-id=\"6702ce93\" data-element_type=\"column\" data-e-type=\"column\">\n\t\t\t<div class=\"elementor-widget-wrap elementor-element-populated\">\n\t\t\t\t\t\t<div class=\"elementor-element elementor-element-3734fb28 elementor-widget elementor-widget-text-editor\" data-id=\"3734fb28\" data-element_type=\"widget\" data-e-type=\"widget\" data-widget_type=\"text-editor.default\">\n\t\t\t\t<div class=\"elementor-widget-container\">\n\t\t\t\t\t\t\t\t\t<p>\u00c7a\u011f\u0131m\u0131zda, teknolojik geli\u015fmelerin yaratt\u0131\u011f\u0131 dijital d\u00fcnya d\u00fczeni ve bu d\u00fczenin bir sonucu olan \u00a0globalle\u015fmenin etkisiyle birlikte uluslararas\u0131 ticaretin s\u0131n\u0131rlar\u0131 neredeyse tamamen ortadan kalkm\u0131\u015f durumdad\u0131r. Bu geli\u015fmeler sonucunda, g\u00fcn\u00fcm\u00fczde aralar\u0131nda binlerce kilometre bulunan ihracat\u00e7\u0131 ve ithalat\u00e7\u0131lar fiziken bir temas kurmaks\u0131z\u0131n sat\u0131\u015f i\u015flemlerini ger\u00e7ekle\u015ftirerek ticari faaliyetlerini s\u00fcrd\u00fcrebilmektedirler. Ancak, dijital d\u00fcnyan\u0131n sa\u011flamakta oldu\u011fu teknolojik imkanlar her ne kadar h\u0131z ve kolayl\u0131k sa\u011fl\u0131yor olsa da birtak\u0131m hukuki sorunlar\u0131 da beraberinde getirmektedir.<\/p>\n<p>Dijital ortamda ger\u00e7ekle\u015ftirilen ticari ili\u015fkilerde taraflar elektronik posta gibi ileti\u015fim kanallar\u0131 \u00fczerinden sat\u0131\u015f i\u015flemine konu olacak mal\u0131n niteli\u011fi, birim fiyat\u0131, teslimat tarihi gibi belirli unsurlar\u0131 kararla\u015ft\u0131rmaktad\u0131r. Bu unsurlarda mutabakat sa\u011fland\u0131ktan sonra ihracat\u00e7\u0131 taraf\u0131ndan ithalat\u00e7\u0131ya proforma fatura yine dijital ortamda g\u00f6nderilmekte, proforma faturan\u0131n kabul edilmesiyle sat\u0131\u015f i\u015flemi tamamlanmaktad\u0131r. Bu do\u011frultuda taraflar fiziksel olarak bir s\u00f6zle\u015fme imzalamamakta, dolay\u0131s\u0131yla geleneksel olmayan bir hukuki ili\u015fki \u00e7er\u00e7evesinde olu\u015fabilecek risklere kar\u015f\u0131 kendilerini koruma alt\u0131na almamaktad\u0131rlar. Bu yaz\u0131da da, proforma faturan\u0131n kullan\u0131lmas\u0131 ile bir s\u00f6zle\u015fme korumas\u0131 sa\u011flanmas\u0131 y\u00f6ntemi \u00fczerinde durulacakt\u0131r.<\/p>\n<p>\u00d6ncelikle proforma faturan\u0131n ticari niteli\u011finden k\u0131saca bahsetmekte fayda vard\u0131r. Belirtilmelidir ki, proforma fatura T\u00fcrk Ticaret Kanunu ve Vergi Usul Kanunu anlam\u0131nda bir fatura niteli\u011finde de\u011fildir. Her ne kadar isminde \u201cFatura\u201d ibaresi ge\u00e7se de, bu belge bir faturadan ziyade bir teklif metnidir. Proforma faturan\u0131n herhangi bir belirli \u015fekli olmay\u0131p her firma bunu kendi ihtiya\u00e7lar\u0131 do\u011frultusunda istedi\u011fi \u015fekilde d\u00fczenleyebilecektir. Proforma faturan\u0131n herhangi bir \u015fekle tabi olmamas\u0131 ve ticari uygulamada s\u0131kl\u0131kla kullan\u0131lmas\u0131 taraflar\u0131n fiziken bir araya gelerek s\u00f6zle\u015fme imzalamas\u0131n\u0131n m\u00fcmk\u00fcn olmad\u0131\u011f\u0131 hallerde, s\u00f6zle\u015fme yerine ge\u00e7ebilecek \u015fekilde kullan\u0131labilmesi i\u00e7in \u00f6nem arz etmektedir. Ancak burada dikkat edilmesi gereken birka\u00e7 husus bulunmaktad\u0131r. Bu hususlar a\u015fa\u011f\u0131da detayl\u0131 bir \u015fekilde ele al\u0131nacakt\u0131r.<\/p>\n<p>T\u00fcrk Bor\u00e7lar Kanunu uyar\u0131nca s\u00f6zle\u015fme taraflar\u0131n kar\u015f\u0131l\u0131kl\u0131 ve birbirine uygun irade beyanlar\u0131 ile kurulmaktad\u0131r. Bu c\u00fcmle do\u011frultusunda bir s\u00f6zle\u015fmenin kurulmas\u0131 i\u00e7in kar\u015f\u0131l\u0131kl\u0131 ve birbirine uygun gelmesi gerekli irade beyanlar\u0131 ihracat\u00e7\u0131 a\u00e7\u0131s\u0131ndan \u201cicap\u201d ve ithalat\u00e7\u0131 a\u00e7\u0131s\u0131ndan \u201ckabul\u201d beyanlar\u0131d\u0131r. Proforma fatura hukuki a\u00e7\u0131dan ele al\u0131nd\u0131\u011f\u0131nda ise, nitelik olarak \u201cicap\u201d veya \u201cicaba davet\u201d olarak de\u011ferlendirilebilece\u011fi ileri s\u00fcr\u00fclebilecektir. Bu noktada \u201cicap\u201d \u00f6yle bir irade beyan\u0131d\u0131r ki, bu irade beyan\u0131n\u0131 alan taraf\u0131n \u201ckabul\u201d beyan\u0131 ile s\u00f6zle\u015fme kurulacakt\u0131r. Di\u011fer bir ifadeyle \u201cicap\u201d s\u00f6zle\u015fmenin esasl\u0131 unsurlar\u0131n\u0131 i\u00e7eren bir irade beyan\u0131 olarak kar\u015f\u0131m\u0131za \u00e7\u0131kmaktad\u0131r. Bir s\u00f6zle\u015fmenin esasl\u0131 unsurlar\u0131 ise, o s\u00f6zle\u015fmenin var olabilmesi i\u00e7in mutlaka bulunmas\u0131 gereken unsurlar \u015feklinde ifade edilebilecektir. Ne var ki, \u201cicaba davet\u201d bu nitelikleri bulundurmamakla birlikte daha \u00e7ok kar\u015f\u0131 taraf\u0131 s\u00f6zle\u015fme \u015fartlar\u0131n\u0131n m\u00fczakere edilmesine davet eden bir irade beyan\u0131 olarak ele al\u0131nabilecektir. Bu do\u011frultuda, proforma faturan\u0131n muhatab\u0131 taraf\u0131ndan kabul edilmesiyle s\u00f6zle\u015fme olu\u015fabilmesi i\u00e7in proforma faturan\u0131n s\u00f6zle\u015fmenin t\u00fcm esasl\u0131 unsurlar\u0131n\u0131 i\u00e7ermesi gerekmektedir. Ancak bir s\u00f6zle\u015fme korumas\u0131 olu\u015fturulabilmesi i\u00e7in yaln\u0131zca esasl\u0131 unsurlar\u0131n bulunmas\u0131 yeterli olmay\u0131p tamamlay\u0131c\u0131 hususlara da proforma faturada yer verilmesi yararl\u0131 olacakt\u0131r.<\/p>\n<p>Bu kapsamda bir proforma faturan\u0131n tam anlam\u0131yla bir \u201cicap\u201d olarak kabul edilerek kar\u015f\u0131 taraf\u0131n \u201ckabul\u201d beyan\u0131 ile s\u00f6zle\u015fmeye d\u00f6n\u00fc\u015fmesi ve bu \u015fekilde proforma fatura ile s\u00f6zle\u015fme korumas\u0131n\u0131n sa\u011flanmas\u0131 i\u00e7in asgari olarak \u015fu hususlar\u0131n proforma faturada bulunmas\u0131 \u00f6nem arz etmektedir:<\/p>\n<ul>\n<li>Taraflar\u0131n \u0130sim\/\u00dcnvan ve Adresleri<\/li>\n<li>Sat\u0131\u015f \u0130\u015fleminin Konusu<\/li>\n<li>Mal\u0131n GT\u0130P\u2019i<\/li>\n<li>Mal\u0131n Cinsi, Nev\u2019i, Kalitesi ve Miktar\u0131<\/li>\n<li>Mal\u0131n Sat\u0131\u015f Bedeli<\/li>\n<li>\u00d6deme \u015eekli<\/li>\n<li>Teslim \u015eekli<\/li>\n<li>Sevk Tarihi<\/li>\n<li>Gecikme Hallerine \u0130li\u015fkin Cezai \u015eart<\/li>\n<li>Ambalajlama ve Ta\u015f\u0131ma \u015eekli<\/li>\n<li>Masraflar\u0131n Payla\u015f\u0131m\u0131<\/li>\n<li>G\u00f6zetim Raporu<\/li>\n<li>M\u00fccbir Sebepler<\/li>\n<li>Uygulanacak Hukuk<\/li>\n<li>Uyu\u015fmazl\u0131klar\u0131n \u00c7\u00f6z\u00fcm\u00fc Y\u00f6ntemi<\/li>\n<li>Tarih ve \u0130mza<\/li>\n<\/ul>\n<p>Bu unsurlar\u0131 i\u00e7erecek \u015fekilde d\u00fczenlenecek bir proforma faturan\u0131n ithalat\u00e7\u0131 taraf\u0131ndan kabul edilmesi halinde imzalanarak geri g\u00f6nderilmesi istenilebilecektir. B\u00f6yle bir durumda hem proforma fatura teatisi a\u015famas\u0131nda yaz\u0131l\u0131 ve imzal\u0131 bir kabul beyan\u0131 elde edilecek hem de yaz\u0131l\u0131 ve imzal\u0131 bir s\u00f6zle\u015fmenin kurulmas\u0131 sa\u011flanm\u0131\u015f olacakt\u0131r.<\/p>\n<p>Uygulamada d\u0131\u015f ticaret ile u\u011fra\u015fan kimselerin proforma faturan\u0131n g\u00f6nderilmesi a\u015famas\u0131nda mal\u0131n miktar\u0131, fiyat\u0131, mal\u0131n teslim yeri ve zaman\u0131, \u00f6deme \u015fekli ve teslim \u015fekli gibi hususlara yer vererek esasl\u0131 unsurlar\u0131 i\u00e7eren; ancak, bahsetti\u011fimiz korumalardan hi\u00e7birini i\u00e7ermeyen bir \u201cicap\u201dta bulunduklar\u0131 g\u00f6r\u00fclmektedir. Bu a\u015famay\u0131 takiben kar\u015f\u0131 taraftan e-mail yoluyla veya s\u00f6zl\u00fc bir \u015fekilde \u201ckabul\u201d beyan\u0131 al\u0131nmas\u0131 \u015feklinde bir uygulama da s\u00f6z konusudur. G\u00f6r\u00fcld\u00fc\u011f\u00fc \u00fczere, bu durumda ne ihracat\u00e7\u0131n\u0131n elinde bir yaz\u0131l\u0131 ve imzal\u0131 belge ne de herhangi bir sorun \u00e7\u0131kt\u0131\u011f\u0131nda onu koruyacak bir h\u00fck\u00fcm bulunmaktad\u0131r. B\u00f6yle bir durumdan korunmak i\u00e7in yukar\u0131da yer alan ba\u015fl\u0131klar\u0131 netle\u015ftirecek disiplinli bir yaz\u0131\u015fma ve bunu takiben yukar\u0131da a\u00e7\u0131kland\u0131\u011f\u0131 \u00fczere s\u00f6zle\u015fme yerine ge\u00e7ecek proforma fatura uygulamas\u0131 yap\u0131lmal\u0131d\u0131r.<\/p>\n<p><strong>\u00a0<\/strong><\/p>\n<p><strong>Legal Warning<\/strong><\/p>\n<p>\u0130\u015fbu yaz\u0131 hukuki dan\u0131\u015fmanl\u0131k ya da tavsiye olarak kabul edilemez ve avukat \u2013 m\u00fcvekkil ili\u015fkisi do\u011furmaz.<\/p>\t\t\t\t\t\t\t\t<\/div>\n\t\t\t\t<\/div>\n\t\t\t\t\t<\/div>\n\t\t<\/div>\n\t\t\t\t\t<\/div>\n\t\t<\/section>\n\t\t\t\t<\/div>","protected":false},"excerpt":{"rendered":"<p>\u00c7a\u011f\u0131m\u0131zda, teknolojik geli\u015fmelerin yaratt\u0131\u011f\u0131 dijital d\u00fcnya d\u00fczeni ve bu d\u00fczenin bir sonucu olan \u00a0globalle\u015fmenin etkisiyle birlikte uluslararas\u0131 ticaretin s\u0131n\u0131rlar\u0131 neredeyse tamamen ortadan kalkm\u0131\u015f durumdad\u0131r. Bu geli\u015fmeler sonucunda, g\u00fcn\u00fcm\u00fczde aralar\u0131nda binlerce kilometre bulunan ihracat\u00e7\u0131 ve ithalat\u00e7\u0131lar fiziken bir temas kurmaks\u0131z\u0131n sat\u0131\u015f i\u015flemlerini ger\u00e7ekle\u015ftirerek ticari faaliyetlerini s\u00fcrd\u00fcrebilmektedirler. Ancak, dijital d\u00fcnyan\u0131n sa\u011flamakta oldu\u011fu teknolojik imkanlar her ne kadar [&hellip;]<\/p>\n","protected":false},"author":1,"featured_media":0,"comment_status":"closed","ping_status":"closed","sticky":false,"template":"","format":"standard","meta":{"site-sidebar-layout":"default","site-content-layout":"default","ast-site-content-layout":"default","site-content-style":"default","site-sidebar-style":"default","ast-global-header-display":"","ast-banner-title-visibility":"","ast-main-header-display":"","ast-hfb-above-header-display":"","ast-hfb-below-header-display":"","ast-hfb-mobile-header-display":"","site-post-title":"","ast-breadcrumbs-content":"","ast-featured-img":"","footer-sml-layout":"","ast-disable-related-posts":"","theme-transparent-header-meta":"default","adv-header-id-meta":"","stick-header-meta":"","header-above-stick-meta":"","header-main-stick-meta":"","header-below-stick-meta":"","astra-migrate-meta-layouts":"default","ast-page-background-enabled":"default","ast-page-background-meta":{"desktop":{"background-color":"","background-image":"","background-repeat":"repeat","background-position":"center center","background-size":"auto","background-attachment":"scroll","background-type":"","background-media":"","overlay-type":"","overlay-color":"","overlay-opacity":"","overlay-gradient":""},"tablet":{"background-color":"","background-image":"","background-repeat":"repeat","background-position":"center center","background-size":"auto","background-attachment":"scroll","background-type":"","background-media":"","overlay-type":"","overlay-color":"","overlay-opacity":"","overlay-gradient":""},"mobile":{"background-color":"","background-image":"","background-repeat":"repeat","background-position":"center center","background-size":"auto","background-attachment":"scroll","background-type":"","background-media":"","overlay-type":"","overlay-color":"","overlay-opacity":"","overlay-gradient":""}},"ast-content-background-meta":{"desktop":{"background-color":"var(--ast-global-color-5)","background-image":"","background-repeat":"repeat","background-position":"center center","background-size":"auto","background-attachment":"scroll","background-type":"","background-media":"","overlay-type":"","overlay-color":"","overlay-opacity":"","overlay-gradient":""},"tablet":{"background-color":"var(--ast-global-color-5)","background-image":"","background-repeat":"repeat","background-position":"center center","background-size":"auto","background-attachment":"scroll","background-type":"","background-media":"","overlay-type":"","overlay-color":"","overlay-opacity":"","overlay-gradient":""},"mobile":{"background-color":"var(--ast-global-color-5)","background-image":"","background-repeat":"repeat","background-position":"center center","background-size":"auto","background-attachment":"scroll","background-type":"","background-media":"","overlay-type":"","overlay-color":"","overlay-opacity":"","overlay-gradient":""}},"footnotes":""},"categories":[7],"tags":[],"class_list":["post-1105","post","type-post","status-publish","format-standard","hentry","category-dis-ticaret-hukuku"],"_links":{"self":[{"href":"https:\/\/kokvekok.com\/en\/wp-json\/wp\/v2\/posts\/1105","targetHints":{"allow":["GET"]}}],"collection":[{"href":"https:\/\/kokvekok.com\/en\/wp-json\/wp\/v2\/posts"}],"about":[{"href":"https:\/\/kokvekok.com\/en\/wp-json\/wp\/v2\/types\/post"}],"author":[{"embeddable":true,"href":"https:\/\/kokvekok.com\/en\/wp-json\/wp\/v2\/users\/1"}],"replies":[{"embeddable":true,"href":"https:\/\/kokvekok.com\/en\/wp-json\/wp\/v2\/comments?post=1105"}],"version-history":[{"count":5,"href":"https:\/\/kokvekok.com\/en\/wp-json\/wp\/v2\/posts\/1105\/revisions"}],"predecessor-version":[{"id":1112,"href":"https:\/\/kokvekok.com\/en\/wp-json\/wp\/v2\/posts\/1105\/revisions\/1112"}],"wp:attachment":[{"href":"https:\/\/kokvekok.com\/en\/wp-json\/wp\/v2\/media?parent=1105"}],"wp:term":[{"taxonomy":"category","embeddable":true,"href":"https:\/\/kokvekok.com\/en\/wp-json\/wp\/v2\/categories?post=1105"},{"taxonomy":"post_tag","embeddable":true,"href":"https:\/\/kokvekok.com\/en\/wp-json\/wp\/v2\/tags?post=1105"}],"curies":[{"name":"wp","href":"https:\/\/api.w.org\/{rel}","templated":true}]}}